{"id":8333,"date":"2025-08-14T11:06:56","date_gmt":"2025-08-14T10:06:56","guid":{"rendered":"https:\/\/arrabona.eu\/sprava-o-zazitkoch-tabor-vodakov-na-rieke-mosonsky-dunaj\/"},"modified":"2025-08-14T11:07:51","modified_gmt":"2025-08-14T10:07:51","slug":"sprava-o-zazitkoch-tabor-vodakov-na-rieke-mosonsky-dunaj","status":"publish","type":"post","link":"https:\/\/arrabona.eu\/sk\/sprava-o-zazitkoch-tabor-vodakov-na-rieke-mosonsky-dunaj\/","title":{"rendered":"Spr\u00e1va o z\u00e1\u017eitkoch: T\u00e1bor vod\u00e1kov na rieke Mo\u0161onsk\u00fd Dunaj"},"content":{"rendered":"<p data-start=\"80\" data-end=\"447\"><strong data-start=\"80\" data-end=\"97\">Arrabona EZ\u00daS<\/strong> pln\u00ed \u00falohy zodpovedn\u00e9ho za trasu vo dvoch V\u00e1ndort\u00e1bore: na trase <strong data-start=\"163\" data-end=\"202\">Pannonhalma\u2013Szigetk\u00f6z Bring\u00e1sV\u00e1ndor<\/strong> a <strong data-start=\"205\" data-end=\"234\">Mo\u0161onsk\u00fd Dunaj V\u00edziv\u00e1ndor<\/strong>. My s\u00edce nesad\u00e1me na bicykle ani nevstupujeme na vodu, pracujeme v pozad\u00ed, aby t\u00e1bory poskytovali nezabudnute\u013en\u00e9 z\u00e1\u017eitky v\u0161etk\u00fdm n\u00e1v\u0161tevn\u00edkom n\u00e1\u0161ho regi\u00f3nu. Pr\u00e1ve preto sa ve\u013emi te\u0161\u00edme z report\u00e1\u017e\u00ed a fotografi\u00ed.<\/p>\n<p data-start=\"449\" data-end=\"603\">Pre\u010d\u00edtajte si pr\u00edbeh naozaj v\u00fdnimo\u010dn\u00e9ho t\u00edmu, ktor\u00fd aj napriek da\u017ediv\u00e9mu po\u010dasiu a ne\u010dakan\u00fdm udalostiam dok\u00e1zal vy\u0165a\u017ei\u0165 z t\u00e1bora a zo seba to najlep\u0161ie:<\/p>\n<p data-start=\"605\" data-end=\"1107\">\u201eN\u00e1\u0161 V\u00edziv\u00e1ndor t\u00e1bor sa konal u\u017e druh\u00fdkr\u00e1t, od 25. do 31. j\u00fala, po\u010das ktor\u00e9ho sme spolu s 19 mlad\u00fdmi \u013eu\u010fmi s ment\u00e1lnym postihnut\u00edm prepl\u00e1vali vlny <strong data-start=\"753\" data-end=\"774\">Mo\u0161onsk\u00e9ho Dunaja<\/strong> od <strong data-start=\"778\" data-end=\"797\">Mosonmagyar\u00f3v\u00e1r<\/strong> a\u017e po <strong data-start=\"804\" data-end=\"812\">Gy\u0151r<\/strong>, pri\u010dom sme nazreli aj do ramennej s\u00fastavy v <strong data-start=\"858\" data-end=\"872\">\u00c1sv\u00e1nyr\u00e1r\u00f3<\/strong> a na \u00fazemie rieky <strong data-start=\"891\" data-end=\"900\">Lajta<\/strong>, ktor\u00e1 pretek\u00e1 Mosonmagyar\u00f3v\u00e1rom. Dokonca, ke\u010f sme unikali pred kr\u00fapami a pr\u00edvalov\u00fdm da\u017e\u010fom, prijala n\u00e1s <strong data-start=\"1006\" data-end=\"1016\">Futura<\/strong> v Mosonmagyar\u00f3v\u00e1ri, kde sme \u00faplne zdarma objavovali zauj\u00edmavosti r\u00f4znych vedeck\u00fdch hier.<\/p>\n<p data-start=\"1109\" data-end=\"2110\">N\u00e1\u0161 mal\u00fd t\u00edm tvorili \u0161tudenti z <strong data-start=\"1141\" data-end=\"1174\">Dr Nagy L\u00e1szl\u00f3 EGYMI v K\u0151szeg<\/strong> a <strong data-start=\"1177\" data-end=\"1211\">\u00c9ltes EGYMI v Mosonmagyar\u00f3v\u00e1ri<\/strong>. Z K\u0151szegu n\u00e1s sprev\u00e1dzal rovnako nad\u0161en\u00fd p\u00e1r \u0161peci\u00e1lnych pedag\u00f3gov, Attila a Ad\u00e9l. Nemo\u017eno slovami vyjadri\u0165, \u010do \u010dlovek po\u010das tak\u00e9hoto t\u00e1bora za\u017e\u00edva a ko\u013eko dostane sp\u00e4\u0165. Ako sa rozmaz\u00e1vaj\u00fa hranice medzi pedag\u00f3gom a \u0161tudentom, medzi postihnut\u00fdm a plne zdrav\u00fdm, medzi pomocn\u00edkom a t\u00fdm, kto pomoc potrebuje. Ako spolo\u010dne prem\u00fd\u0161\u013eame a rie\u0161ime situ\u00e1cie, te\u0161\u00edme sa z \u00faspechov alebo sa spo\u013eahlivo dr\u017e\u00edme, ke\u010f sme \u00faplne vy\u010derpan\u00ed. Ako sa po\u010das t\u00fd\u017ed\u0148a st\u00e1va \u0161tudent, ktor\u00fd sa predt\u00fdm nepohol ani dva kroky od rodi\u010dov, \u010doraz samostatnej\u0161\u00edm a ako sa n\u00e1\u0161 9-ro\u010dn\u00fd die\u0165a prirodzene za\u010dle\u0148uje do spolo\u010dnosti. Ke\u010f sa star\u00e1m o \u00fa\u010dastn\u00edkov t\u00e1bora a zabudnem natrie\u0165 vlastn\u00e9 die\u0165a opa\u013eovac\u00edm kr\u00e9mom, na\u0161i \u0161tudenti mi po pol ceste hovoria, aby som sa v\u00f4bec nestarala \u2013 oni to u\u017e urobili&#8230; a to je len zlomok z mnoh\u00fdch z\u00e1\u017eitkov, ktor\u00e9 sa slovami nedaj\u00fa vystihn\u00fa\u0165, treba ich za\u017ei\u0165. Sme v\u010fa\u010dn\u00ed, \u017ee sme to mohli za\u017ei\u0165!\u201c<\/p>\n<p data-start=\"2112\" data-end=\"2145\">Te\u0161\u00edme sa na va\u0161u \u010fal\u0161iu \u00fa\u010das\u0165!<\/p>\n<p><img fetchpriority=\"high\" decoding=\"async\" class=\"alignnone size-medium wp-image-8328\" src=\"https:\/\/arrabona.eu\/wp-content\/uploads\/sites\/11\/2025\/08\/2ae1ab1c-89c9-4ad8-a458-03958fdba524-300x169.png\" alt=\"\" width=\"300\" height=\"169\" srcset=\"https:\/\/arrabona.eu\/wp-content\/uploads\/2025\/08\/2ae1ab1c-89c9-4ad8-a458-03958fdba524-300x169.png 300w, https:\/\/arrabona.eu\/wp-content\/uploads\/2025\/08\/2ae1ab1c-89c9-4ad8-a458-03958fdba524-1024x576.png 1024w, https:\/\/arrabona.eu\/wp-content\/uploads\/2025\/08\/2ae1ab1c-89c9-4ad8-a458-03958fdba524-768x432.png 768w, https:\/\/arrabona.eu\/wp-content\/uploads\/2025\/08\/2ae1ab1c-89c9-4ad8-a458-03958fdba524-1536x864.png 1536w, https:\/\/arrabona.eu\/wp-content\/uploads\/2025\/08\/2ae1ab1c-89c9-4ad8-a458-03958fdba524.png 2048w\" sizes=\"(max-width: 300px) 100vw, 300px\" \/><\/p>\n<p><img decoding=\"async\" class=\"alignnone size-medium wp-image-8329\" src=\"https:\/\/arrabona.eu\/wp-content\/uploads\/sites\/11\/2025\/08\/5bdb7808-a63b-443c-a08e-bd97dcf165c3-300x169.png\" alt=\"\" width=\"300\" height=\"169\" srcset=\"https:\/\/arrabona.eu\/wp-content\/uploads\/2025\/08\/5bdb7808-a63b-443c-a08e-bd97dcf165c3-300x169.png 300w, https:\/\/arrabona.eu\/wp-content\/uploads\/2025\/08\/5bdb7808-a63b-443c-a08e-bd97dcf165c3-1024x576.png 1024w, https:\/\/arrabona.eu\/wp-content\/uploads\/2025\/08\/5bdb7808-a63b-443c-a08e-bd97dcf165c3-768x432.png 768w, https:\/\/arrabona.eu\/wp-content\/uploads\/2025\/08\/5bdb7808-a63b-443c-a08e-bd97dcf165c3-1536x864.png 1536w, https:\/\/arrabona.eu\/wp-content\/uploads\/2025\/08\/5bdb7808-a63b-443c-a08e-bd97dcf165c3.png 2048w\" sizes=\"(max-width: 300px) 100vw, 300px\" \/><\/p>\n<p><img decoding=\"async\" class=\"alignnone size-medium wp-image-8330\" src=\"https:\/\/arrabona.eu\/wp-content\/uploads\/sites\/11\/2025\/08\/33ab0b97-109e-4632-851a-1e0c5a55bb3e-169x300.png\" alt=\"\" width=\"169\" height=\"300\" srcset=\"https:\/\/arrabona.eu\/wp-content\/uploads\/2025\/08\/33ab0b97-109e-4632-851a-1e0c5a55bb3e-169x300.png 169w, https:\/\/arrabona.eu\/wp-content\/uploads\/2025\/08\/33ab0b97-109e-4632-851a-1e0c5a55bb3e-576x1024.png 576w, https:\/\/arrabona.eu\/wp-content\/uploads\/2025\/08\/33ab0b97-109e-4632-851a-1e0c5a55bb3e-768x1365.png 768w, https:\/\/arrabona.eu\/wp-content\/uploads\/2025\/08\/33ab0b97-109e-4632-851a-1e0c5a55bb3e-864x1536.png 864w, https:\/\/arrabona.eu\/wp-content\/uploads\/2025\/08\/33ab0b97-109e-4632-851a-1e0c5a55bb3e.png 1152w\" sizes=\"(max-width: 169px) 100vw, 169px\" \/><\/p>\n<p><img loading=\"lazy\" decoding=\"async\" class=\"alignnone size-medium wp-image-8331\" src=\"https:\/\/arrabona.eu\/wp-content\/uploads\/sites\/11\/2025\/08\/0641572f-cd6e-4743-a4cc-f9916d6a670a-169x300.png\" alt=\"\" width=\"169\" height=\"300\" srcset=\"https:\/\/arrabona.eu\/wp-content\/uploads\/2025\/08\/0641572f-cd6e-4743-a4cc-f9916d6a670a-169x300.png 169w, https:\/\/arrabona.eu\/wp-content\/uploads\/2025\/08\/0641572f-cd6e-4743-a4cc-f9916d6a670a-576x1024.png 576w, https:\/\/arrabona.eu\/wp-content\/uploads\/2025\/08\/0641572f-cd6e-4743-a4cc-f9916d6a670a-768x1365.png 768w, https:\/\/arrabona.eu\/wp-content\/uploads\/2025\/08\/0641572f-cd6e-4743-a4cc-f9916d6a670a-864x1536.png 864w, https:\/\/arrabona.eu\/wp-content\/uploads\/2025\/08\/0641572f-cd6e-4743-a4cc-f9916d6a670a.png 1152w\" sizes=\"(max-width: 169px) 100vw, 169px\" \/><\/p>\n","protected":false},"excerpt":{"rendered":"<p>Arrabona EZ\u00daS pln\u00ed \u00falohy zodpovedn\u00e9ho za trasu vo dvoch V\u00e1ndort\u00e1bore: na trase Pannonhalma\u2013Szigetk\u00f6z Bring\u00e1sV\u00e1ndor a Mo\u0161onsk\u00fd Dunaj V\u00edziv\u00e1ndor. My s\u00edce nesad\u00e1me na bicykle ani nevstupujeme na vodu, pracujeme v pozad\u00ed, aby t\u00e1bory poskytovali nezabudnute\u013en\u00e9 z\u00e1\u017eitky v\u0161etk\u00fdm n\u00e1v\u0161tevn\u00edkom n\u00e1\u0161ho regi\u00f3nu. Pr\u00e1ve preto sa ve\u013emi te\u0161\u00edme z report\u00e1\u017e\u00ed a fotografi\u00ed. Pre\u010d\u00edtajte si pr\u00edbeh naozaj v\u00fdnimo\u010dn\u00e9ho t\u00edmu, ktor\u00fd [&hellip;]<\/p>\n","protected":false},"author":32,"featured_media":8335,"comment_status":"open","ping_status":"open","sticky":false,"template":"","format":"standard","meta":{"_acf_changed":false,"footnotes":""},"categories":[75],"tags":[],"class_list":["post-8333","post","type-post","status-publish","format-standard","has-post-thumbnail","hentry","category-arrabona-sk"],"acf":[],"amp_enabled":true,"_links":{"self":[{"href":"https:\/\/arrabona.eu\/sk\/wp-json\/wp\/v2\/posts\/8333","targetHints":{"allow":["GET"]}}],"collection":[{"href":"https:\/\/arrabona.eu\/sk\/wp-json\/wp\/v2\/posts"}],"about":[{"href":"https:\/\/arrabona.eu\/sk\/wp-json\/wp\/v2\/types\/post"}],"author":[{"embeddable":true,"href":"https:\/\/arrabona.eu\/sk\/wp-json\/wp\/v2\/users\/32"}],"replies":[{"embeddable":true,"href":"https:\/\/arrabona.eu\/sk\/wp-json\/wp\/v2\/comments?post=8333"}],"version-history":[{"count":0,"href":"https:\/\/arrabona.eu\/sk\/wp-json\/wp\/v2\/posts\/8333\/revisions"}],"wp:featuredmedia":[{"embeddable":true,"href":"https:\/\/arrabona.eu\/sk\/wp-json\/wp\/v2\/media\/8335"}],"wp:attachment":[{"href":"https:\/\/arrabona.eu\/sk\/wp-json\/wp\/v2\/media?parent=8333"}],"wp:term":[{"taxonomy":"category","embeddable":true,"href":"https:\/\/arrabona.eu\/sk\/wp-json\/wp\/v2\/categories?post=8333"},{"taxonomy":"post_tag","embeddable":true,"href":"https:\/\/arrabona.eu\/sk\/wp-json\/wp\/v2\/tags?post=8333"}],"curies":[{"name":"wp","href":"https:\/\/api.w.org\/{rel}","templated":true}]}}