{"id":8311,"date":"2025-07-04T10:29:13","date_gmt":"2025-07-04T09:29:13","guid":{"rendered":"https:\/\/arrabona.eu\/arrabona-ezus-na-veltrhu-greentech-zalaegerszeg-2025\/"},"modified":"2025-07-04T10:30:11","modified_gmt":"2025-07-04T09:30:11","slug":"arrabona-ezus-na-veltrhu-greentech-zalaegerszeg-2025","status":"publish","type":"post","link":"https:\/\/arrabona.eu\/sk\/arrabona-ezus-na-veltrhu-greentech-zalaegerszeg-2025\/","title":{"rendered":"Arrabona EZ\u00daS na ve\u013etrhu GreenTech Zalaegerszeg 2025"},"content":{"rendered":"<p>Eur\u00f3pske zoskupenie \u00fazemnej spolupr\u00e1ce Arrabona (EGTC) je u\u017e \u0161tvrt\u00fd rok spoluzorganiz\u00e1torom Gy\u0151rskej Klimatickej Expo. V d\u0148och 22. \u2013 23. m\u00e1ja 2025 sa organiz\u00e1cia z\u00fa\u010dastnila so \u0161es\u0165\u010dlennou deleg\u00e1ciou na 6. ro\u010dn\u00edku odborn\u00e9ho ve\u013etrhu a konferencie GreenTech Zelen\u00e1 energia a udr\u017eate\u013enos\u0165, ktor\u00fd sa konal na testovacej dr\u00e1he ZalaZONE. \u00da\u010das\u0165 umo\u017enil podporn\u00fd program CESCI spusten\u00fd v tomto roku, ktor\u00fd je dostupn\u00fd pre \u010dlenov a m\u00e1 za cie\u013e podpori\u0165 ich \u00fa\u010das\u0165 na relevantn\u00fdch odborn\u00fdch podujatiach.<\/p>\n<p><strong>Odborn\u00e9 sk\u00fasenosti a nadv\u00e4zovanie kontaktov<\/strong><\/p>\n<p><em><strong>Po\u010das dvojd\u0148ov\u00e9ho podujatia z\u00e1stupcovia Arrabona EZ\u00daS:<\/strong><\/em><\/p>\n<p>\u00b7 z\u00edskali preh\u013ead o najnov\u0161\u00edch zelen\u00fdch technol\u00f3gi\u00e1ch a rie\u0161eniach v oblasti udr\u017eate\u013enosti,<\/p>\n<p>\u00b7 nadviazali kontakty s dom\u00e1cimi aj zahrani\u010dn\u00fdmi akt\u00e9rmi z oblast\u00ed energetickej efekt\u00edvnosti, obehov\u00e9ho hospod\u00e1rstva, vodn\u00e9ho hospod\u00e1rstva a zelenej mobility,<\/p>\n<p>\u00b7 prezreli si infra\u0161trukt\u00faru testovacej dr\u00e1hy ZalaZONE, ktor\u00e1 je centrom v\u00fdvoja automobilov\u00e9ho priemyslu a inteligentnej mobility.<\/p>\n<p><strong>Predn\u00e1\u0161ky a odborn\u00fd obsah<\/strong><\/p>\n<p><em><strong>Deleg\u00e1cia sa z\u00fa\u010dastnila viacer\u00fdch plen\u00e1rnych a tematick\u00fdch predn\u00e1\u0161ok, venovan\u00fdch napr\u00edklad t\u00fdmto t\u00e9mam:<\/strong><\/em><\/p>\n<p>\u00b7 energetick\u00e1 nez\u00e1vislos\u0165 a decentralizovan\u00e1 v\u00fdroba energie \u2013 pr\u00edklady z praxe miest a firiem,<\/p>\n<p>\u00b7 obehov\u00e9 hospod\u00e1rstvo \u2013 premena odpadu na zdroj, lok\u00e1lne iniciat\u00edvy,<\/p>\n<p>\u00b7 zelen\u00e1 doprava a mestsk\u00e1 mobilita \u2013 elektromobilita a modely verejnej dopravy,<\/p>\n<p>\u00b7 udr\u017eate\u013en\u00e9 vodn\u00e9 hospod\u00e1rstvo \u2013 adapt\u00e1cia na klimatick\u00e9 zmeny,<\/p>\n<p>\u00b7 financovanie zelen\u00fdch invest\u00edci\u00ed \u2013 prezent\u00e1cia fondov E\u00da a dom\u00e1cich zdrojov.<\/p>\n<p><strong>Pr\u00ednos pre Kl\u00edmaexp\u00f3<\/strong><\/p>\n<p>Podujatie poskytlo mno\u017estvo in\u0161pir\u00e1ci\u00ed pre \u010fal\u0161\u00ed rozvoj Gy\u0151rskej Kl\u00edmaexpo. Arrabona EZ\u00daS spoznala viacero dobr\u00fdch prakt\u00edk a inovat\u00edvnych rie\u0161en\u00ed, ktor\u00e9 m\u00f4\u017eu prispie\u0165 k zv\u00fd\u0161eniu odbornej \u00farovne, rozsahu a dopadu ich vlastn\u00e9ho podujatia. \u00da\u010dastn\u00edci pova\u017euj\u00fa za obzvl\u00e1\u0161\u0165 pr\u00ednosn\u00e9 poznatky z oblast\u00ed komunitnej energetiky, zelenej dopravy a vodn\u00e9ho hospod\u00e1rstva, ktor\u00e9 s\u00fa aplikovate\u013en\u00e9 aj v prihrani\u010dn\u00fdch regi\u00f3noch Gy\u0151r-Moson-Sopron a Nitrianskeho kraja.<\/p>\n<p>GreenTech Zalaegerszeg 2025 nebol len pr\u00edle\u017eitos\u0165ou na nadv\u00e4zovanie odborn\u00fdch kontaktov, ale tie\u017e potvrdil, \u017ee pre dosiahnutie udr\u017eate\u013en\u00fdch cie\u013eov je nevyhnutn\u00e1 kombin\u00e1cia technologick\u00fdch inov\u00e1ci\u00ed a akt\u00edvneho zapojenia miestnych komun\u00edt.<\/p>\n","protected":false},"excerpt":{"rendered":"<p>Eur\u00f3pske zoskupenie \u00fazemnej spolupr\u00e1ce Arrabona (EGTC) je u\u017e \u0161tvrt\u00fd rok spoluzorganiz\u00e1torom Gy\u0151rskej Klimatickej Expo. V d\u0148och 22. \u2013 23. m\u00e1ja 2025 sa organiz\u00e1cia z\u00fa\u010dastnila so \u0161es\u0165\u010dlennou deleg\u00e1ciou na 6. ro\u010dn\u00edku odborn\u00e9ho ve\u013etrhu a konferencie GreenTech Zelen\u00e1 energia a udr\u017eate\u013enos\u0165, ktor\u00fd sa konal na testovacej dr\u00e1he ZalaZONE. \u00da\u010das\u0165 umo\u017enil podporn\u00fd program CESCI spusten\u00fd v tomto roku, [&hellip;]<\/p>\n","protected":false},"author":32,"featured_media":8312,"comment_status":"open","ping_status":"open","sticky":false,"template":"","format":"standard","meta":{"_acf_changed":false,"footnotes":""},"categories":[75],"tags":[],"class_list":["post-8311","post","type-post","status-publish","format-standard","has-post-thumbnail","hentry","category-arrabona-sk"],"acf":[],"amp_enabled":true,"_links":{"self":[{"href":"https:\/\/arrabona.eu\/sk\/wp-json\/wp\/v2\/posts\/8311","targetHints":{"allow":["GET"]}}],"collection":[{"href":"https:\/\/arrabona.eu\/sk\/wp-json\/wp\/v2\/posts"}],"about":[{"href":"https:\/\/arrabona.eu\/sk\/wp-json\/wp\/v2\/types\/post"}],"author":[{"embeddable":true,"href":"https:\/\/arrabona.eu\/sk\/wp-json\/wp\/v2\/users\/32"}],"replies":[{"embeddable":true,"href":"https:\/\/arrabona.eu\/sk\/wp-json\/wp\/v2\/comments?post=8311"}],"version-history":[{"count":0,"href":"https:\/\/arrabona.eu\/sk\/wp-json\/wp\/v2\/posts\/8311\/revisions"}],"wp:featuredmedia":[{"embeddable":true,"href":"https:\/\/arrabona.eu\/sk\/wp-json\/wp\/v2\/media\/8312"}],"wp:attachment":[{"href":"https:\/\/arrabona.eu\/sk\/wp-json\/wp\/v2\/media?parent=8311"}],"wp:term":[{"taxonomy":"category","embeddable":true,"href":"https:\/\/arrabona.eu\/sk\/wp-json\/wp\/v2\/categories?post=8311"},{"taxonomy":"post_tag","embeddable":true,"href":"https:\/\/arrabona.eu\/sk\/wp-json\/wp\/v2\/tags?post=8311"}],"curies":[{"name":"wp","href":"https:\/\/api.w.org\/{rel}","templated":true}]}}