{"id":8285,"date":"2025-07-01T09:39:22","date_gmt":"2025-07-01T08:39:22","guid":{"rendered":"https:\/\/arrabona.eu\/nase-vyrocne-valne-zhromazdenie-v-samorine-opat-sme-sa-rozsirili-o-novych-clenov\/"},"modified":"2025-07-01T09:43:35","modified_gmt":"2025-07-01T08:43:35","slug":"nase-vyrocne-valne-zhromazdenie-v-samorine-opat-sme-sa-rozsirili-o-novych-clenov","status":"publish","type":"post","link":"https:\/\/arrabona.eu\/sk\/nase-vyrocne-valne-zhromazdenie-v-samorine-opat-sme-sa-rozsirili-o-novych-clenov\/","title":{"rendered":"Na\u0161e v\u00fdro\u010dn\u00e9 valn\u00e9 zhroma\u017edenie v \u0160amor\u00edne \u2013 op\u00e4\u0165 sme sa roz\u0161\u00edrili o nov\u00fdch \u010dlenov"},"content":{"rendered":"<p data-start=\"0\" data-end=\"244\">D\u0148a 15. m\u00e1ja 2025 sme usporiadali na\u0161e tohtoro\u010dn\u00e9 riadne valn\u00e9 zhroma\u017edenie, ktor\u00e9 sa \u2013 pod\u013ea trad\u00edcie \u2013 konalo v jednom zo zakladaj\u00facich miest na\u0161ej organiz\u00e1cie, v \u0160amor\u00edne. Zrekon\u0161truovan\u00e1 budova Korona poskytla d\u00f4stojn\u00e9 miesto na stretnutie.<\/p>\n<p data-start=\"246\" data-end=\"485\">S rados\u0165ou oznamujeme, \u017ee sa na\u0161a organiz\u00e1cia tento rok roz\u0161\u00edrila o \u0161tyri nov\u00e9 \u010dlensk\u00e9 obce: z \u00fazemia ju\u017en\u00e9ho Slovenska sa k n\u00e1m pripojili Dvorn\u00edky na Ostrove a Kul\u010dov, z Ma\u010farska zas \u00d6ttev\u00e9ny a Nyalka. Srde\u010dne ich v\u00edtame v na\u0161ej komunite!<\/p>\n<p data-start=\"246\" data-end=\"485\"><img fetchpriority=\"high\" decoding=\"async\" class=\"alignnone size-medium wp-image-8291\" src=\"https:\/\/arrabona.eu\/wp-content\/uploads\/sites\/11\/2025\/07\/szavazas-1-300x225.jpg\" alt=\"\" width=\"300\" height=\"225\" srcset=\"https:\/\/arrabona.eu\/wp-content\/uploads\/2025\/07\/szavazas-1-300x225.jpg 300w, https:\/\/arrabona.eu\/wp-content\/uploads\/2025\/07\/szavazas-1-1024x768.jpg 1024w, https:\/\/arrabona.eu\/wp-content\/uploads\/2025\/07\/szavazas-1-768x576.jpg 768w, https:\/\/arrabona.eu\/wp-content\/uploads\/2025\/07\/szavazas-1-1536x1152.jpg 1536w, https:\/\/arrabona.eu\/wp-content\/uploads\/2025\/07\/szavazas-1-2048x1536.jpg 2048w\" sizes=\"(max-width: 300px) 100vw, 300px\" \/><\/p>\n<p data-start=\"487\" data-end=\"690\">Popri prerokovan\u00ed bodov programu sa predstavili starostovia novoprijat\u00fdch obc\u00ed, ako aj novo zvolen\u00e9 vedenie miest Gy\u0151r a Mosonmagyar\u00f3v\u00e1r z roku 2024 \u2013 obe mest\u00e1 s\u00fa zakladaj\u00facimi \u010dlenmi na\u0161ej organiz\u00e1cie.<\/p>\n<p data-start=\"692\" data-end=\"1007\">\u00da\u010dastn\u00edci valn\u00e9ho zhroma\u017edenia dostali do r\u00fak aj zhr\u0148uj\u00facu publik\u00e1ciu, ktor\u00e1 poskytuje preh\u013ead o \u010dinnosti EGTC za uplynul\u00fd rok. Publik\u00e1cia je dostupn\u00e1 aj na na\u0161ej webovej str\u00e1nke v sekcii \u201eDokumenty\u201c. Okrem toho sme poskytli kr\u00e1tku inform\u00e1ciu o pripravovan\u00fdch v\u00fdzvach na predkladanie projektov v bl\u00edzkej bud\u00facnosti.<\/p>\n<p data-start=\"692\" data-end=\"1007\"><img decoding=\"async\" class=\"alignnone size-medium wp-image-8289\" src=\"https:\/\/arrabona.eu\/wp-content\/uploads\/sites\/11\/2025\/07\/kiadvany-1-225x300.jpg\" alt=\"\" width=\"225\" height=\"300\" srcset=\"https:\/\/arrabona.eu\/wp-content\/uploads\/2025\/07\/kiadvany-1-225x300.jpg 225w, https:\/\/arrabona.eu\/wp-content\/uploads\/2025\/07\/kiadvany-1-768x1024.jpg 768w, https:\/\/arrabona.eu\/wp-content\/uploads\/2025\/07\/kiadvany-1-300x400.jpg 300w, https:\/\/arrabona.eu\/wp-content\/uploads\/2025\/07\/kiadvany-1-1152x1536.jpg 1152w, https:\/\/arrabona.eu\/wp-content\/uploads\/2025\/07\/kiadvany-1-1536x2048.jpg 1536w, https:\/\/arrabona.eu\/wp-content\/uploads\/2025\/07\/kiadvany-1-scaled.jpg 1920w\" sizes=\"(max-width: 225px) 100vw, 225px\" \/><\/p>\n<p data-start=\"1009\" data-end=\"1163\">Po ofici\u00e1lnom programe mali \u00fa\u010dastn\u00edci mo\u017enos\u0165 spozna\u0165 pam\u00e4tihodnosti \u0160amor\u00edna a z\u00e1ujemcovia mohli nav\u0161t\u00edvi\u0165 aj \u0161portovo-vo\u013eno\u010dasov\u00fd are\u00e1l X-Bionic Sphere.<\/p>\n<p data-start=\"1165\" data-end=\"1258\">T\u00fdmto srde\u010dne \u010fakujeme mestu \u0160amor\u00edn za pohostinnos\u0165 a starostlivo pripraven\u00fd, podnetn\u00fd de\u0148!<\/p>\n<p data-start=\"1165\" data-end=\"1258\">\u00a0<img decoding=\"async\" class=\"alignnone size-medium wp-image-8290\" src=\"https:\/\/arrabona.eu\/wp-content\/uploads\/sites\/11\/2025\/07\/varosi_seta-1-300x225.jpg\" alt=\"\" width=\"300\" height=\"225\" srcset=\"https:\/\/arrabona.eu\/wp-content\/uploads\/2025\/07\/varosi_seta-1-300x225.jpg 300w, https:\/\/arrabona.eu\/wp-content\/uploads\/2025\/07\/varosi_seta-1-1024x768.jpg 1024w, https:\/\/arrabona.eu\/wp-content\/uploads\/2025\/07\/varosi_seta-1-768x576.jpg 768w, https:\/\/arrabona.eu\/wp-content\/uploads\/2025\/07\/varosi_seta-1-1536x1152.jpg 1536w, https:\/\/arrabona.eu\/wp-content\/uploads\/2025\/07\/varosi_seta-1-2048x1536.jpg 2048w\" sizes=\"(max-width: 300px) 100vw, 300px\" \/> <img loading=\"lazy\" decoding=\"async\" class=\"alignnone size-medium wp-image-8288\" src=\"https:\/\/arrabona.eu\/wp-content\/uploads\/sites\/11\/2025\/07\/x_bionic-1-300x225.jpg\" alt=\"\" width=\"300\" height=\"225\" srcset=\"https:\/\/arrabona.eu\/wp-content\/uploads\/2025\/07\/x_bionic-1-300x225.jpg 300w, https:\/\/arrabona.eu\/wp-content\/uploads\/2025\/07\/x_bionic-1-1024x768.jpg 1024w, https:\/\/arrabona.eu\/wp-content\/uploads\/2025\/07\/x_bionic-1-768x576.jpg 768w, https:\/\/arrabona.eu\/wp-content\/uploads\/2025\/07\/x_bionic-1-1536x1152.jpg 1536w, https:\/\/arrabona.eu\/wp-content\/uploads\/2025\/07\/x_bionic-1-2048x1536.jpg 2048w\" sizes=\"(max-width: 300px) 100vw, 300px\" \/><\/p>\n","protected":false},"excerpt":{"rendered":"<p>D\u0148a 15. m\u00e1ja 2025 sme usporiadali na\u0161e tohtoro\u010dn\u00e9 riadne valn\u00e9 zhroma\u017edenie, ktor\u00e9 sa \u2013 pod\u013ea trad\u00edcie \u2013 konalo v jednom zo zakladaj\u00facich miest na\u0161ej organiz\u00e1cie, v \u0160amor\u00edne. Zrekon\u0161truovan\u00e1 budova Korona poskytla d\u00f4stojn\u00e9 miesto na stretnutie. S rados\u0165ou oznamujeme, \u017ee sa na\u0161a organiz\u00e1cia tento rok roz\u0161\u00edrila o \u0161tyri nov\u00e9 \u010dlensk\u00e9 obce: z \u00fazemia ju\u017en\u00e9ho Slovenska sa [&hellip;]<\/p>\n","protected":false},"author":32,"featured_media":8287,"comment_status":"open","ping_status":"open","sticky":false,"template":"","format":"standard","meta":{"_acf_changed":false,"footnotes":""},"categories":[38],"tags":[],"class_list":["post-8285","post","type-post","status-publish","format-standard","has-post-thumbnail","hentry","category-uncategorized-sk"],"acf":[],"amp_enabled":true,"_links":{"self":[{"href":"https:\/\/arrabona.eu\/sk\/wp-json\/wp\/v2\/posts\/8285","targetHints":{"allow":["GET"]}}],"collection":[{"href":"https:\/\/arrabona.eu\/sk\/wp-json\/wp\/v2\/posts"}],"about":[{"href":"https:\/\/arrabona.eu\/sk\/wp-json\/wp\/v2\/types\/post"}],"author":[{"embeddable":true,"href":"https:\/\/arrabona.eu\/sk\/wp-json\/wp\/v2\/users\/32"}],"replies":[{"embeddable":true,"href":"https:\/\/arrabona.eu\/sk\/wp-json\/wp\/v2\/comments?post=8285"}],"version-history":[{"count":0,"href":"https:\/\/arrabona.eu\/sk\/wp-json\/wp\/v2\/posts\/8285\/revisions"}],"wp:featuredmedia":[{"embeddable":true,"href":"https:\/\/arrabona.eu\/sk\/wp-json\/wp\/v2\/media\/8287"}],"wp:attachment":[{"href":"https:\/\/arrabona.eu\/sk\/wp-json\/wp\/v2\/media?parent=8285"}],"wp:term":[{"taxonomy":"category","embeddable":true,"href":"https:\/\/arrabona.eu\/sk\/wp-json\/wp\/v2\/categories?post=8285"},{"taxonomy":"post_tag","embeddable":true,"href":"https:\/\/arrabona.eu\/sk\/wp-json\/wp\/v2\/tags?post=8285"}],"curies":[{"name":"wp","href":"https:\/\/api.w.org\/{rel}","templated":true}]}}