{"id":8235,"date":"2025-04-17T12:05:18","date_gmt":"2025-04-17T11:05:18","guid":{"rendered":"https:\/\/arrabona.eu\/pohranicne-turisticke-forum-spolocne-uvazovanie-o-buducnosti-regionu\/"},"modified":"2025-04-17T12:05:54","modified_gmt":"2025-04-17T11:05:54","slug":"pohranicne-turisticke-forum-spolocne-uvazovanie-o-buducnosti-regionu","status":"publish","type":"post","link":"https:\/\/arrabona.eu\/sk\/pohranicne-turisticke-forum-spolocne-uvazovanie-o-buducnosti-regionu\/","title":{"rendered":"Pohrani\u010dn\u00e9 turistick\u00e9 f\u00f3rum \u2013 spolo\u010dn\u00e9 uva\u017eovanie o bud\u00facnosti regi\u00f3nu"},"content":{"rendered":"<p><strong>Spolo\u010dn\u00fd cie\u013e: udr\u017eate\u013en\u00fd rozvoj cestovn\u00e9ho ruchu v pohrani\u010dnom regi\u00f3ne<\/strong><\/p>\n<p>D\u0148a 10. apr\u00edla sa v Gy\u0151ri uskuto\u010dnilo <strong>Pohrani\u010dn\u00e9 turistick\u00e9 f\u00f3rum<\/strong>, ktor\u00e9 zorganizovalo Arrabona EZ\u00daS. Te\u0161\u00ed n\u00e1s, \u017ee o podujatie bol ve\u013ek\u00fd z\u00e1ujem. Z\u00fa\u010dastnili sa ho odborn\u00edci na cestovn\u00fd ruch, predstavitelia samospr\u00e1v, poskytovatelia turistick\u00fdch slu\u017eieb, ako aj z\u00e1stupcovia region\u00e1lnych a celon\u00e1rodn\u00fdch organiz\u00e1ci\u00ed, ktor\u00e9 sa venuj\u00fa rozvoju regi\u00f3nu a turizmu. Spolo\u010dne diskutovali o s\u00fa\u010dasnej situ\u00e1cii a bud\u00facich mo\u017enostiach regi\u00f3nu.<\/p>\n<p>Cie\u013eom f\u00f3ra bolo predstavi\u0165 dvojro\u010dn\u00fa \u010dinnos\u0165 <strong>Odbornej komisie pre pohrani\u010dn\u00fd turizmus<\/strong> pri zoskupen\u00ed Arrabona EZ\u00daS a z\u00e1rove\u0148 obozn\u00e1mi\u0165 \u00fa\u010dastn\u00edkov s projektmi podan\u00fdmi v r\u00e1mci programu I<strong>nterreg (#waves), ktor\u00e9ho cie\u013eom je rozv\u00edja\u0165 regi\u00f3n Mal\u00fd \u017ditn\u00fd ostrov\u2013\u017ditn\u00fd ostrov\u2013Pannonhalma<\/strong> ako jednotn\u00fd a koherentn\u00fd turistick\u00fd celok. V r\u00e1mci programu sa diskutovalo o rozvoji ubytovac\u00edch a gastronomick\u00fdch slu\u017eieb, mana\u017emente n\u00e1v\u0161tevnosti v regi\u00f3ne, mo\u017enostiach cyklistick\u00e9ho a vodn\u00e9ho turizmu, ako aj o s\u00favisiacich marketingov\u00fdch a produktov\u00fdch strat\u00e9gi\u00e1ch.<\/p>\n<p>&nbsp;<\/p>\n<p><strong>Uv\u00edtania a my\u0161lienky<\/strong><\/p>\n<p>Ako prv\u00fd vyst\u00fapil s uv\u00edtac\u00edm pr\u00edhovorom <strong>Ferenc Ivanics<\/strong>, podpredseda samospr\u00e1vneho kraja Gy\u0151r-Moson-Sopron. Vo svojom vyst\u00fapen\u00ed zd\u00f4raznil, \u017ee v uplynulom obdob\u00ed do\u0161lo k viacer\u00fdm rozvojov\u00fdm aktivit\u00e1m s cie\u013eom zastavi\u0165 turistov cestuj\u00facich medzi Vied\u0148ou a Budape\u0161\u0165ou a pritiahnu\u0165 ich do regi\u00f3nu Mal\u00fd \u017ditn\u00fd ostrov a \u017ditn\u00fd ostrov. Upozornil na to, \u017ee modern\u00fd \u010dlovek \u010doraz viac vyh\u013ead\u00e1va akt\u00edvne formy turizmu, pohyb a z\u00e1\u017eitky v bl\u00edzkosti pr\u00edrody, a preto je podpora t\u00fdchto foriem cestovn\u00e9ho ruchu mimoriadne d\u00f4le\u017eit\u00e1.<\/p>\n<p><strong>J\u00f3zsef Ber\u00e9nyi, <\/strong>podpredseda Trnavsk\u00e9ho samospr\u00e1vneho kraja, zablaho\u017eelal zoskupeniu Arrabona EZ\u00daS k pr\u00e1ci vykonanej v regi\u00f3ne. Vo svojom pr\u00edhovore uviedol, \u017ee v Trnavskom kraji sa nach\u00e1dza mno\u017estvo atrakci\u00ed s\u00favisiacich s ma\u010farsk\u00fdm kult\u00farnym dedi\u010dstvom, a d\u00f4le\u017eitou \u00falohou je, aby ich spoznalo \u010do najviac n\u00e1v\u0161tevn\u00edkov z Ma\u010farska. Z\u00e1rove\u0148 zd\u00f4raznil, \u017ee pre Ma\u010farov \u017eij\u00facich na Slovensku je Ma\u010farsko na\u010falej najv\u00fdznamnej\u0161ou turistickou destin\u00e1ciou, a rozvoj bilater\u00e1lnych vz\u0165ahov je spolo\u010dn\u00fdm z\u00e1ujmom.<\/p>\n<p>N\u00e1sledne sa o svoje uv\u00edtacie my\u0161lienky podelil <strong>P\u00e9ter Boncsarovszky<\/strong>, z\u00e1stupca predsedu poslaneck\u00e9ho klubu Fidesz v Gy\u0151ri. Vo svojom pr\u00edhovore uviedol: \u201e\u0160pecifick\u00e9 danosti tohto regi\u00f3nu umo\u017e\u0148uj\u00fa pestr\u00fd rozvoj cestovn\u00e9ho ruchu, ke\u010f\u017ee sa tu s\u00fa\u010dasne nach\u00e1dzaj\u00fa historicky v\u00fdznamn\u00e9 budovy, vynikaj\u00face kult\u00farne podujatia, svetozn\u00e1me spolky a skvel\u00e9 mo\u017enosti tr\u00e1venia vo\u013en\u00e9ho \u010dasu.\u201d<\/p>\n<p>Za mesto Gy\u0151r priv\u00edtal \u00fa\u010dastn\u00edkov viceprim\u00e1tor <strong>Roland K\u00f3sa<\/strong>. Vo svojom pr\u00edhovore uviedol, \u017ee v na\u0161om meste dominuje najm\u00e4 biznisov\u00fd turizmus, no z\u00e1rove\u0148 je d\u00f4le\u017eitou \u00falohou predstavi\u0165 hodnotn\u00e9 pr\u00edrodn\u00e9 a kult\u00farne dedi\u010dstvo regi\u00f3nu. Na tento \u00fa\u010del je nevyhnutn\u00e9, aby sme tieto hodnoty poznali a mali ich radi, a tie\u017e, aby sme pri pl\u00e1novan\u00ed ciest nevyberali len vzdialen\u00e9 destin\u00e1cie.<\/p>\n<p><strong>P\u00e9ter Kiss-Parciu<\/strong>, \u0161t\u00e1tny tajomn\u00edk Ministerstva zahrani\u010dn\u00fdch vec\u00ed a obchodu zodpovedn\u00fd za region\u00e1lny a cezhrani\u010dn\u00fd hospod\u00e1rsky rozvoj, zd\u00f4raznil d\u00f4le\u017eitos\u0165 podpory cezhrani\u010dnej spolupr\u00e1ce. Uviedol, \u017ee \u00falohou vl\u00e1dy a ministerstva je vytvori\u0165 n\u00e1stroje a pr\u00edle\u017eitosti, ktor\u00e9 umo\u017enia posilnenie spojen\u00ed medzi akt\u00e9rmi na cezhrani\u010dn\u00fdch \u00fazemiach. Vyzdvihol, \u017ee u\u017e viac ako p\u00e4tn\u00e1s\u0165 rokov funguje rozsiahly program cezhrani\u010dn\u00e9ho rozvoja infra\u0161trukt\u00fary, v\u010faka ktor\u00e9mu sa po\u010det cezhrani\u010dn\u00fdch cestn\u00fdch spojen\u00ed zv\u00fd\u0161il o 50 percent.<\/p>\n<p>\u010ealej uviedol, \u017ee nov\u00fd impulz dostala aj v\u00fdstavba <strong>pe\u0161ieho-cyklistick\u00e9ho mosta medzi Dunakilitim a Doborgazom<\/strong>, ktor\u00fd bude k\u013e\u00fa\u010dov\u00fdm prvkom pri rozvoji akt\u00edvneho turizmu v regi\u00f3ne.<\/p>\n<p>&nbsp;<\/p>\n<p><strong>Odborn\u00e9 predn\u00e1\u0161ky o pl\u00e1noch rozvoja cestovn\u00e9ho ruchu v regi\u00f3ne<\/strong><\/p>\n<p>Po uv\u00edtac\u00edch pr\u00edhovoroch nasledovali odborn\u00e9 predn\u00e1\u0161ky. Riadite\u013e na\u0161ej spolo\u010dnosti, <strong>Tam\u00e1s Zolt\u00e1n N\u00e9meth<\/strong>, hovoril o pr\u00e1ci a v\u00fdsledkoch Odbornej komisie pre pohrani\u010dn\u00fd turizmus pri zoskupen\u00ed Arrabona EZ\u00daS. Po viacer\u00fdch \u00faspe\u0161n\u00fdch spolupr\u00e1cach je na\u0161\u00edm najnov\u0161\u00edm \u00faspechom predlo\u017eenie projektu <strong>#waves<\/strong> v r\u00e1mci slovensko-ma\u010farsk\u00e9ho programu Interreg. Jeden z k\u013e\u00fa\u010dov\u00fdch strategick\u00fdch dokumentov tohto komplexn\u00e9ho projektu, vypracovan\u00fd teritori\u00e1lny ak\u010dn\u00fd pl\u00e1n, predstavil <strong>Dr. Zolt\u00e1n Herke<\/strong>, ved\u00faci rozvoja zoskupenia Arrabona EZ\u00daS.<\/p>\n<p>O pl\u00e1novan\u00fdch projektoch, ktor\u00e9 sa maj\u00fa realizova\u0165 v r\u00e1mci projektu, hovorili z\u00e1stupcovia konzorci\u00e1lnych partnerov: <strong>G\u00e1bor Somogyi<\/strong> (riadite\u013e Thermalpark DS, predseda Oblastnej organiz\u00e1cie cestovn\u00e9ho ruchu \u017ditn\u00fd ostrov \u2013 Csall\u00f3k\u00f6z) <strong>dr. Zsolt Vir\u00e1g<\/strong> (v\u00fdkonn\u00fd riadite\u013e Ma\u010farsk\u00e9ho programov\u00e9ho centra pre hrady), <strong>Zolt\u00e1n Jank\u00f3<\/strong> (majite\u013e Vodnetury.sk), <strong>Andr\u00e1s Nyikos<\/strong> (ved\u00faci rozvoja Ma\u010farskej asoci\u00e1cie kanoistiky a kajaku) a <strong>dr. \u00c9va Happ<\/strong> (docentka na Katedre turizmu a pohostinnosti na Univerzite \u0160tef\u00e1na Sz\u00e9ch\u00e9nyiho).<\/p>\n<p>Predn\u00e1\u0161ky, okrem svojej rozmanitosti, zd\u00f4raznili spolo\u010dn\u00e9 hodnoty, ako je dlhodob\u00e9 myslenie a spolupr\u00e1ca, ako aj udr\u017eate\u013en\u00fd rozvoj akt\u00edvneho turizmu. Projekt s n\u00e1zvom #waves si dal za cie\u013e spoji\u0165 turistick\u00fa oblas\u0165 Mal\u00fd \u017ditn\u00fd ostrov \u2013 \u017ditn\u00fd ostrov \u2013 Pannonhalma do jednotn\u00e9ho a koherentn\u00e9ho regi\u00f3nu. Aj ke\u010f jednotliv\u00e9 prvky projektu zah\u0155\u0148aj\u00fa konkr\u00e9tne rozvojov\u00e9 opatrenia, strat\u00e9gia rozvoja a marketingov\u00fd pl\u00e1n pre cie\u013eov\u00fa oblas\u0165 boli vypracovan\u00e9 tak, aby z nich mohli profitova\u0165 aj \u010fal\u0161\u00ed \u00fa\u010dastn\u00edci regi\u00f3nu.<\/p>\n<p><strong>M\u00f4\u017eeme sa navz\u00e1jom u\u010di\u0165.<\/strong><\/p>\n<p>Na podujat\u00ed zdie\u013eal <strong>Mirk\u00f3 Pet\u00e9nyi<\/strong>, v\u00fdkonn\u00fd riadite\u013e Centra pre rozvoj akt\u00edvneho a ekoturizmu, cenn\u00e9 my\u0161lienky o tom, ako m\u00f4\u017ee by\u0165 akt\u00edvny turistick\u00fd projekt vzorom. Z\u00e1kladn\u00e9 princ\u00edpy, v\u00fdvojov\u00fd proces a stanoven\u00e9 ciele projektu &#8222;B\u00f6rzs\u00f6ny a Ipoly pre v\u0161etk\u00fdch!&#8220; m\u00f4\u017eu sl\u00fa\u017ei\u0165 ako pr\u00edklad aj pre in\u00e9 rozvojov\u00e9 projekty.<\/p>\n<p>De\u0148 sme uzavreli <strong>workshopom<\/strong> s vytrval\u00fdm publikom. \u010eakujeme v\u0161etk\u00fdm \u00fa\u010dastn\u00edkom za ich akt\u00edvnu pr\u00edtomnos\u0165. Spolo\u010dn\u00e9 prem\u00fd\u0161\u013eanie v\u0161ak tu nekon\u010d\u00ed, ver\u00edme v \u010fal\u0161iu \u00faspe\u0161n\u00fa spolupr\u00e1cu.<\/p>\n","protected":false},"excerpt":{"rendered":"<p>Spolo\u010dn\u00fd cie\u013e: udr\u017eate\u013en\u00fd rozvoj cestovn\u00e9ho ruchu v pohrani\u010dnom regi\u00f3ne D\u0148a 10. apr\u00edla sa v Gy\u0151ri uskuto\u010dnilo Pohrani\u010dn\u00e9 turistick\u00e9 f\u00f3rum, ktor\u00e9 zorganizovalo Arrabona EZ\u00daS. Te\u0161\u00ed n\u00e1s, \u017ee o podujatie bol ve\u013ek\u00fd z\u00e1ujem. Z\u00fa\u010dastnili sa ho odborn\u00edci na cestovn\u00fd ruch, predstavitelia samospr\u00e1v, poskytovatelia turistick\u00fdch slu\u017eieb, ako aj z\u00e1stupcovia region\u00e1lnych a celon\u00e1rodn\u00fdch organiz\u00e1ci\u00ed, ktor\u00e9 sa venuj\u00fa rozvoju regi\u00f3nu [&hellip;]<\/p>\n","protected":false},"author":32,"featured_media":8236,"comment_status":"open","ping_status":"open","sticky":false,"template":"","format":"standard","meta":{"_acf_changed":false,"footnotes":""},"categories":[75],"tags":[],"class_list":["post-8235","post","type-post","status-publish","format-standard","has-post-thumbnail","hentry","category-arrabona-sk"],"acf":[],"amp_enabled":true,"_links":{"self":[{"href":"https:\/\/arrabona.eu\/sk\/wp-json\/wp\/v2\/posts\/8235","targetHints":{"allow":["GET"]}}],"collection":[{"href":"https:\/\/arrabona.eu\/sk\/wp-json\/wp\/v2\/posts"}],"about":[{"href":"https:\/\/arrabona.eu\/sk\/wp-json\/wp\/v2\/types\/post"}],"author":[{"embeddable":true,"href":"https:\/\/arrabona.eu\/sk\/wp-json\/wp\/v2\/users\/32"}],"replies":[{"embeddable":true,"href":"https:\/\/arrabona.eu\/sk\/wp-json\/wp\/v2\/comments?post=8235"}],"version-history":[{"count":0,"href":"https:\/\/arrabona.eu\/sk\/wp-json\/wp\/v2\/posts\/8235\/revisions"}],"wp:featuredmedia":[{"embeddable":true,"href":"https:\/\/arrabona.eu\/sk\/wp-json\/wp\/v2\/media\/8236"}],"wp:attachment":[{"href":"https:\/\/arrabona.eu\/sk\/wp-json\/wp\/v2\/media?parent=8235"}],"wp:term":[{"taxonomy":"category","embeddable":true,"href":"https:\/\/arrabona.eu\/sk\/wp-json\/wp\/v2\/categories?post=8235"},{"taxonomy":"post_tag","embeddable":true,"href":"https:\/\/arrabona.eu\/sk\/wp-json\/wp\/v2\/tags?post=8235"}],"curies":[{"name":"wp","href":"https:\/\/api.w.org\/{rel}","templated":true}]}}