{"id":8226,"date":"2025-03-12T10:54:25","date_gmt":"2025-03-12T10:54:25","guid":{"rendered":"https:\/\/arrabona.eu\/cezhranicne-turisticke-forum-10-aprila-2025\/"},"modified":"2025-03-12T10:54:27","modified_gmt":"2025-03-12T10:54:27","slug":"cezhranicne-turisticke-forum-10-aprila-2025","status":"publish","type":"post","link":"https:\/\/arrabona.eu\/sk\/cezhranicne-turisticke-forum-10-aprila-2025\/","title":{"rendered":"Cezhrani\u010dn\u00e9 turistick\u00e9 f\u00f3rum \u2013 10. apr\u00edla 2025"},"content":{"rendered":"<p><span data-contrast=\"auto\">Radi by sme V\u00e1s srde\u010dne pozvali na na\u0161e <\/span><b><span data-contrast=\"auto\">Cezhrani\u010dn\u00e9 turistick\u00e9 f\u00f3rum<\/span><\/b><span data-contrast=\"auto\">, ktor\u00e9 predstav\u00ed \u010dinnos\u0165, dosiahnut\u00e9 v\u00fdsledky a bud\u00face pl\u00e1ny <\/span><b><span data-contrast=\"auto\">Odbornej komisie pre cezhrani\u010dn\u00fd turizmus Arrabona EZ\u00daS<\/span><\/b><span data-contrast=\"auto\">.<\/span><span data-ccp-props=\"{&quot;134233117&quot;:false,&quot;134233118&quot;:false,&quot;201341983&quot;:0,&quot;335551550&quot;:0,&quot;335551620&quot;:0,&quot;335559738&quot;:0,&quot;335559739&quot;:160,&quot;335559740&quot;:276}\">&nbsp;<\/span><\/p>\n<p><b><span data-contrast=\"auto\">D\u00e1tum:<\/span><\/b><span data-contrast=\"auto\"> 10. apr\u00edla 2025<\/span>&nbsp;<br \/><b><span data-contrast=\"auto\">Miesto:<\/span><\/b><span data-contrast=\"auto\"> V\u00e1rmegyei Rendezv\u00e9nyk\u00f6zpont, Gy\u0151r (9025 Gy\u0151r, T\u00f6lt\u00e9sszer u. 20.)<\/span>&nbsp;<br \/><b><span data-contrast=\"auto\">\u00da\u010das\u0165:<\/span><\/b><span data-contrast=\"auto\"> Bezplatn\u00e1, vy\u017eaduje sa v\u0161ak registr\u00e1cia<\/span>&nbsp;<br \/><b><span data-contrast=\"auto\">Term\u00edn registr\u00e1cie:<\/span><\/b><span data-contrast=\"auto\"> 31. marca 2025 (pondelok) do 16:00<\/span>&nbsp;<br \/><b><span data-contrast=\"auto\">Registr\u00e1cia:<\/span><\/b> <a href=\"https:\/\/forms.office.com\/pages\/responsepage.aspx?id=Yk07y2biO0uoIDKw3QBrXKUamrSRH8BDnYl9ub1oCSlUMjkyMjg3M001RDVYVkI4UzlCRDNWTkk2SS4u&amp;origin=lprLink&amp;route=shorturl\" data-mce-href=\"https:\/\/forms.office.com\/pages\/responsepage.aspx?id=Yk07y2biO0uoIDKw3QBrXKUamrSRH8BDnYl9ub1oCSlUMjkyMjg3M001RDVYVkI4UzlCRDNWTkk2SS4u&amp;origin=lprLink&amp;route=shorturl\"><span data-contrast=\"none\">https:\/\/forms.office.com\/pages\/responsepage.aspx?id=Yk07y2biO0uoIDKw3QBrXKUamrSRH8BDnYl9ub1oCSlUMjkyMjg3M001RDVYVkI4UzlCRDNWTkk2SS4u&amp;origin=lprLink&amp;route=shorturl<\/span><\/a><span data-ccp-props=\"{&quot;134233117&quot;:false,&quot;134233118&quot;:false,&quot;201341983&quot;:0,&quot;335551550&quot;:0,&quot;335551620&quot;:0,&quot;335559738&quot;:0,&quot;335559739&quot;:160,&quot;335559740&quot;:276}\">&nbsp;<\/span><\/p>\n<p><b><span data-contrast=\"auto\">Po\u010das podujatia bude zabezpe\u010den\u00e9 simult\u00e1nne tlmo\u010denie do slovensk\u00e9ho jazyka!<\/span><\/b><span data-ccp-props=\"{&quot;134233117&quot;:false,&quot;134233118&quot;:false,&quot;201341983&quot;:0,&quot;335551550&quot;:0,&quot;335551620&quot;:0,&quot;335559738&quot;:0,&quot;335559739&quot;:160,&quot;335559740&quot;:276}\">&nbsp;<\/span><\/p>\n<p><span data-contrast=\"auto\">Z jednej organiz\u00e1cie sa m\u00f4\u017ee z\u00fa\u010dastni\u0165 viacero os\u00f4b, av\u0161ak <\/span><b><span data-contrast=\"auto\">ka\u017ed\u00e9ho \u00fa\u010dastn\u00edka je potrebn\u00e9 registrova\u0165 samostatne<\/span><\/b><span data-contrast=\"auto\">. Kapacita miest je obmedzen\u00e1!<\/span><span data-ccp-props=\"{&quot;134233117&quot;:false,&quot;134233118&quot;:false,&quot;201341983&quot;:0,&quot;335551550&quot;:0,&quot;335551620&quot;:0,&quot;335559738&quot;:0,&quot;335559739&quot;:160,&quot;335559740&quot;:276}\">&nbsp;<\/span><\/p>\n<p><span data-contrast=\"auto\">Nezme\u0161kajte t\u00fato pr\u00edle\u017eitos\u0165 \u2013 <\/span><b><span data-contrast=\"auto\">stretneme sa 10. apr\u00edla!<\/span><\/b><span data-ccp-props=\"{&quot;134233117&quot;:false,&quot;134233118&quot;:false,&quot;201341983&quot;:0,&quot;335551550&quot;:0,&quot;335551620&quot;:0,&quot;335559738&quot;:0,&quot;335559739&quot;:160,&quot;335559740&quot;:276}\">&nbsp;<\/span><\/p>\n","protected":false},"excerpt":{"rendered":"<p>Radi by sme V\u00e1s srde\u010dne pozvali na na\u0161e Cezhrani\u010dn\u00e9 turistick\u00e9 f\u00f3rum, ktor\u00e9 predstav\u00ed \u010dinnos\u0165, dosiahnut\u00e9 v\u00fdsledky a bud\u00face pl\u00e1ny Odbornej komisie pre cezhrani\u010dn\u00fd turizmus Arrabona EZ\u00daS.&nbsp; D\u00e1tum: 10. apr\u00edla 2025&nbsp;Miesto: V\u00e1rmegyei Rendezv\u00e9nyk\u00f6zpont, Gy\u0151r (9025 Gy\u0151r, T\u00f6lt\u00e9sszer u. 20.)&nbsp;\u00da\u010das\u0165: Bezplatn\u00e1, vy\u017eaduje sa v\u0161ak registr\u00e1cia&nbsp;Term\u00edn registr\u00e1cie: 31. marca 2025 (pondelok) do 16:00&nbsp;Registr\u00e1cia: https:\/\/forms.office.com\/pages\/responsepage.aspx?id=Yk07y2biO0uoIDKw3QBrXKUamrSRH8BDnYl9ub1oCSlUMjkyMjg3M001RDVYVkI4UzlCRDNWTkk2SS4u&amp;origin=lprLink&amp;route=shorturl&nbsp; Po\u010das podujatia bude zabezpe\u010den\u00e9 [&hellip;]<\/p>\n","protected":false},"author":32,"featured_media":0,"comment_status":"open","ping_status":"open","sticky":false,"template":"","format":"standard","meta":{"_acf_changed":false,"footnotes":""},"categories":[38],"tags":[],"class_list":["post-8226","post","type-post","status-publish","format-standard","hentry","category-uncategorized-sk"],"acf":[],"amp_enabled":true,"_links":{"self":[{"href":"https:\/\/arrabona.eu\/sk\/wp-json\/wp\/v2\/posts\/8226","targetHints":{"allow":["GET"]}}],"collection":[{"href":"https:\/\/arrabona.eu\/sk\/wp-json\/wp\/v2\/posts"}],"about":[{"href":"https:\/\/arrabona.eu\/sk\/wp-json\/wp\/v2\/types\/post"}],"author":[{"embeddable":true,"href":"https:\/\/arrabona.eu\/sk\/wp-json\/wp\/v2\/users\/32"}],"replies":[{"embeddable":true,"href":"https:\/\/arrabona.eu\/sk\/wp-json\/wp\/v2\/comments?post=8226"}],"version-history":[{"count":0,"href":"https:\/\/arrabona.eu\/sk\/wp-json\/wp\/v2\/posts\/8226\/revisions"}],"wp:attachment":[{"href":"https:\/\/arrabona.eu\/sk\/wp-json\/wp\/v2\/media?parent=8226"}],"wp:term":[{"taxonomy":"category","embeddable":true,"href":"https:\/\/arrabona.eu\/sk\/wp-json\/wp\/v2\/categories?post=8226"},{"taxonomy":"post_tag","embeddable":true,"href":"https:\/\/arrabona.eu\/sk\/wp-json\/wp\/v2\/tags?post=8226"}],"curies":[{"name":"wp","href":"https:\/\/api.w.org\/{rel}","templated":true}]}}