{"id":8178,"date":"2025-02-05T10:34:45","date_gmt":"2025-02-05T10:34:45","guid":{"rendered":"https:\/\/arrabona.eu\/v-halaszi-sa-s-pomocou-arrabona-ezus-zrekonstruovala-budova-pre-tradiciu-verbunku\/"},"modified":"2025-02-05T10:35:33","modified_gmt":"2025-02-05T10:35:33","slug":"v-halaszi-sa-s-pomocou-arrabona-ezus-zrekonstruovala-budova-pre-tradiciu-verbunku","status":"publish","type":"post","link":"https:\/\/arrabona.eu\/sk\/v-halaszi-sa-s-pomocou-arrabona-ezus-zrekonstruovala-budova-pre-tradiciu-verbunku\/","title":{"rendered":"V Hal\u00e1szi sa s pomocou Arrabona EZ\u00daS zrekon\u0161truovala budova pre trad\u00edciu verbu\u0148ku"},"content":{"rendered":"<p>Obec Hal\u00e1szi v r\u00e1mci spolo\u010dn\u00e9ho konzorcia s Arrabona EZ\u00daS zrekon\u0161truovala budovu, ktor\u00e1 je hlavn\u00fdm miestom na udr\u017eiavanie trad\u00edcie verbu\u0148kov\u00e9ho tanca. Rozvoj sa uskuto\u010dnil v r\u00e1mci v\u00fdzvy s k\u00f3dom TOP_PLUSZ-1.1.3-21-GM1-2022-00007 a z\u00edskal nen\u00e1vratn\u00fa podporu z fondov Eur\u00f3pskej \u00fanie vo v\u00fd\u0161ke 29,99 mili\u00f3na forintov.<\/p>\n<p>V\u010faka programu Sz\u00e9chenyi Terv Plusz a v\u00fdzve na rozvoj miestneho a region\u00e1lneho turizmu (TOP_PLUSZ-1.1.3-21-GM1) sa naskytla mo\u017enos\u0165 obnovi\u0165 interi\u00e9ry budovy na adrese Hal\u00e1szi, Kossuth u. 51. T\u00e1to budova u\u017e 15 rokov host\u00ed tradi\u010dn\u00e9 Bert\u00f3k\u00e9 dni, ktor\u00e9 ka\u017edoro\u010dne pri\u0165ahuj\u00fa \u010doraz viac n\u00e1v\u0161tevn\u00edkov a turistov do regi\u00f3nu.<\/p>\n<p>Obecn\u00e1 samospr\u00e1va ver\u00ed, \u017ee realizovan\u00e1 invest\u00edcia zv\u00fd\u0161i popularitu podujatia a po\u010det n\u00e1v\u0161tevn\u00edkov obce \u2013 nielen po\u010das Bert\u00f3k\u00e9 dn\u00ed, ale aj po zvy\u0161ok roka.<\/p>\n<p>Projekt bol \u00faspe\u0161ne dokon\u010den\u00fd 30. j\u00fana 2024. Rekon\u0161trukcia sa uskuto\u010dnila v r\u00e1mci programu Sz\u00e9chenyi Terv Plusz a Programu rozvoja \u00fazemia a obc\u00ed Plusz, pri\u010dom z\u00edskala celkov\u00fa nen\u00e1vratn\u00fa podporu vo v\u00fd\u0161ke 29 999 694 forintov.<\/p>\n<p>Vypracovanie \u017eiadosti a projektov\u00fd mana\u017ement po\u010das realiz\u00e1cie zabezpe\u010dovalo Arrabona EZ\u00daS.<\/p>\n","protected":false},"excerpt":{"rendered":"<p>Obec Hal\u00e1szi v r\u00e1mci spolo\u010dn\u00e9ho konzorcia s Arrabona EZ\u00daS zrekon\u0161truovala budovu, ktor\u00e1 je hlavn\u00fdm miestom na udr\u017eiavanie trad\u00edcie verbu\u0148kov\u00e9ho tanca. Rozvoj sa uskuto\u010dnil v r\u00e1mci v\u00fdzvy s k\u00f3dom TOP_PLUSZ-1.1.3-21-GM1-2022-00007 a z\u00edskal nen\u00e1vratn\u00fa podporu z fondov Eur\u00f3pskej \u00fanie vo v\u00fd\u0161ke 29,99 mili\u00f3na forintov. V\u010faka programu Sz\u00e9chenyi Terv Plusz a v\u00fdzve na rozvoj miestneho a region\u00e1lneho turizmu [&hellip;]<\/p>\n","protected":false},"author":32,"featured_media":8180,"comment_status":"open","ping_status":"open","sticky":false,"template":"","format":"standard","meta":{"_acf_changed":false,"footnotes":""},"categories":[75],"tags":[],"class_list":["post-8178","post","type-post","status-publish","format-standard","has-post-thumbnail","hentry","category-arrabona-sk"],"acf":[],"amp_enabled":true,"_links":{"self":[{"href":"https:\/\/arrabona.eu\/sk\/wp-json\/wp\/v2\/posts\/8178","targetHints":{"allow":["GET"]}}],"collection":[{"href":"https:\/\/arrabona.eu\/sk\/wp-json\/wp\/v2\/posts"}],"about":[{"href":"https:\/\/arrabona.eu\/sk\/wp-json\/wp\/v2\/types\/post"}],"author":[{"embeddable":true,"href":"https:\/\/arrabona.eu\/sk\/wp-json\/wp\/v2\/users\/32"}],"replies":[{"embeddable":true,"href":"https:\/\/arrabona.eu\/sk\/wp-json\/wp\/v2\/comments?post=8178"}],"version-history":[{"count":0,"href":"https:\/\/arrabona.eu\/sk\/wp-json\/wp\/v2\/posts\/8178\/revisions"}],"wp:featuredmedia":[{"embeddable":true,"href":"https:\/\/arrabona.eu\/sk\/wp-json\/wp\/v2\/media\/8180"}],"wp:attachment":[{"href":"https:\/\/arrabona.eu\/sk\/wp-json\/wp\/v2\/media?parent=8178"}],"wp:term":[{"taxonomy":"category","embeddable":true,"href":"https:\/\/arrabona.eu\/sk\/wp-json\/wp\/v2\/categories?post=8178"},{"taxonomy":"post_tag","embeddable":true,"href":"https:\/\/arrabona.eu\/sk\/wp-json\/wp\/v2\/tags?post=8178"}],"curies":[{"name":"wp","href":"https:\/\/api.w.org\/{rel}","templated":true}]}}