{"id":8148,"date":"2025-01-20T14:43:36","date_gmt":"2025-01-20T14:43:36","guid":{"rendered":"https:\/\/arrabona.eu\/mimoriadne-zasadnutie-odbornej-komisie-a-odborne-forum-o-udrzatelnosti\/"},"modified":"2025-01-21T13:51:56","modified_gmt":"2025-01-21T13:51:56","slug":"mimoriadne-zasadnutie-odbornej-komisie-a-odborne-forum-o-udrzatelnosti","status":"publish","type":"post","link":"https:\/\/arrabona.eu\/sk\/mimoriadne-zasadnutie-odbornej-komisie-a-odborne-forum-o-udrzatelnosti\/","title":{"rendered":"Mimoriadne zasadnutie odbornej komisie a odborn\u00e9 f\u00f3rum o udr\u017eate\u013enosti"},"content":{"rendered":"<p>Arrabona EZ\u00daS usporiadala 16. janu\u00e1ra 2025 mimoriadne zasadnutie odbornej komisie pre cezhrani\u010dn\u00fa udr\u017eate\u013enos\u0165, ktor\u00e9 tentoraz sl\u00fa\u017eilo aj ako otvoren\u00e9 odborn\u00e9 f\u00f3rum pre \u010dlensk\u00e9 obce.<\/p>\n<p>Hlavnou t\u00e9mou f\u00f3ra boli syst\u00e9my energetick\u00e9ho mana\u017ementu, ktor\u00e9 z\u00edskavaj\u00fa \u010doraz v\u00e4\u010d\u0161iu pozornos\u0165 v Eur\u00f3pe i vo svete.<\/p>\n<p>Ak\u00e9 pr\u00ednosy m\u00f4\u017ee prinies\u0165 vhodn\u00fd syst\u00e9m energetick\u00e9ho mana\u017ementu?<\/p>\n<p>\u00da\u010dastn\u00edci najsk\u00f4r dostali v\u0161eobecn\u00e9 inform\u00e1cie o mo\u017enostiach, ktor\u00e9 pon\u00fakaj\u00fa syst\u00e9my energetick\u00e9ho mana\u017ementu. T\u00e9mu predstavil riadite\u013e Arrabona EZ\u00daS, Tam\u00e1s Zolt\u00e1n N\u00e9meth, ktor\u00fd pribl\u00ed\u017eil aktu\u00e1lnu situ\u00e1ciu energetick\u00e9ho mana\u017ementu na \u00farovni samospr\u00e1v v Ma\u010farsku. N\u00e1sledne zd\u00f4raznil d\u00f4le\u017eitos\u0165 zhroma\u017e\u010fovania a anal\u00fdzy \u00fadajov prostredn\u00edctvom konkr\u00e9tneho pr\u00edkladu a na\u010drtol pr\u00edstupy k implement\u00e1cii syst\u00e9mu.<\/p>\n<p>\u010ealej projektov\u00e1 mana\u017e\u00e9rka Arrabona EZ\u00daS , M\u00e1ria \u00a0Simon, predstavila mo\u017enosti, ktor\u00e9 pon\u00faka v\u00fdzva \u201eDIMOP Plusz-2.1.1-24 V\u00fdvoj a implement\u00e1cia syst\u00e9mov energetick\u00e9ho mana\u017ementu pre samospr\u00e1vy\u201c. Pod\u013ea tejto u\u017e zverejnenej v\u00fdzvy je mo\u017en\u00e9 predklada\u0165 \u017eiadosti od 14. febru\u00e1ra 2025 do 21. marca 2025. V\u00fd\u0161ka po\u017eadovanej podpory m\u00f4\u017ee by\u0165 od 75 000 000 HUF do 225 000 000 HUF, pri\u010dom intenzita podpory je 100 %. O podporu m\u00f4\u017eu samostatne \u017eiada\u0165 miestne samospr\u00e1vy alebo v konzorciu ich rozpo\u010dtov\u00e9 organiz\u00e1cie, \u00farady samospr\u00e1v a ekonomick\u00e9 subjekty so 100 % vlastn\u00edctvom samospr\u00e1v.<\/p>\n<p>Inform\u00e1cie o putovn\u00fdch t\u00e1boroch<\/p>\n<p>\u00da\u010dastn\u00edci sa na z\u00e1ver obozn\u00e1mili aj s t\u00e9mou putovn\u00fdch t\u00e1borov, pri\u010dom osobitn\u00e1 pozornos\u0165 bola venovan\u00e1 t\u00e1borom \u201ePannonhalma-Szigetk\u00f6z Bring\u00e1sV\u00e1ndor\u201c a \u201eMosoni-Duna V\u00edziv\u00e1ndor\u201c, ktor\u00e9 sa organizuj\u00fa v spolupr\u00e1ci s Arrabona EZ\u00daS. Cie\u013eom hnutia putovn\u00fdch t\u00e1borov je podporova\u0165 zdrav\u00fd, environment\u00e1lne uvedomel\u00fd a udr\u017eate\u013en\u00fd \u017eivotn\u00fd \u0161t\u00fdl prostredn\u00edctvom pr\u00edrody a \u0161portu. Na putovn\u00e9 t\u00e1bory sa m\u00f4\u017eu hl\u00e1si\u0165 nielen \u0161koly a organiz\u00e1cie z Ma\u010farska, ale aj ma\u010farsk\u00e9 \u0161koly a organiz\u00e1cie zo zahrani\u010dia (ob\u010dianske a cirkevn\u00e9 organiz\u00e1cie).<\/p>\n<p>Po predn\u00e1\u0161kach nasledovala uvo\u013enen\u00e1 diskusia, po\u010das ktorej \u00fa\u010dastn\u00edci spolo\u010dne rozv\u00edjali t\u00e9my, ktor\u00e9 boli prezentovan\u00e9.<\/p>\n<p>\u010eakujeme v\u0161etk\u00fdm \u010dlensk\u00fdm obciam za prejaven\u00fd z\u00e1ujem o odborn\u00e9 f\u00f3rum a tie\u017e \u010fakujeme Tiborovi Kos\u00e1rovi, predsedovi na\u0161ej odbornej komisie pre cezhrani\u010dn\u00fa udr\u017eate\u013enos\u0165, za jeho \u00fa\u010das\u0165.<\/p>\n<p>V pr\u00edpade ot\u00e1zok alebo z\u00e1ujmu n\u00e1s nev\u00e1hajte kontaktova\u0165!<\/p>\n<p>Arrabona EZ\u00daS<\/p>\n<p>&nbsp;<\/p>\n","protected":false},"excerpt":{"rendered":"<p>Arrabona EZ\u00daS usporiadala 16. janu\u00e1ra 2025 mimoriadne zasadnutie odbornej komisie pre cezhrani\u010dn\u00fa udr\u017eate\u013enos\u0165, ktor\u00e9 tentoraz sl\u00fa\u017eilo aj ako otvoren\u00e9 odborn\u00e9 f\u00f3rum pre \u010dlensk\u00e9 obce. Hlavnou t\u00e9mou f\u00f3ra boli syst\u00e9my energetick\u00e9ho mana\u017ementu, ktor\u00e9 z\u00edskavaj\u00fa \u010doraz v\u00e4\u010d\u0161iu pozornos\u0165 v Eur\u00f3pe i vo svete. Ak\u00e9 pr\u00ednosy m\u00f4\u017ee prinies\u0165 vhodn\u00fd syst\u00e9m energetick\u00e9ho mana\u017ementu? \u00da\u010dastn\u00edci najsk\u00f4r dostali v\u0161eobecn\u00e9 inform\u00e1cie o [&hellip;]<\/p>\n","protected":false},"author":32,"featured_media":8149,"comment_status":"open","ping_status":"open","sticky":false,"template":"","format":"standard","meta":{"_acf_changed":false,"footnotes":""},"categories":[75],"tags":[],"class_list":["post-8148","post","type-post","status-publish","format-standard","has-post-thumbnail","hentry","category-arrabona-sk"],"acf":[],"amp_enabled":true,"_links":{"self":[{"href":"https:\/\/arrabona.eu\/sk\/wp-json\/wp\/v2\/posts\/8148","targetHints":{"allow":["GET"]}}],"collection":[{"href":"https:\/\/arrabona.eu\/sk\/wp-json\/wp\/v2\/posts"}],"about":[{"href":"https:\/\/arrabona.eu\/sk\/wp-json\/wp\/v2\/types\/post"}],"author":[{"embeddable":true,"href":"https:\/\/arrabona.eu\/sk\/wp-json\/wp\/v2\/users\/32"}],"replies":[{"embeddable":true,"href":"https:\/\/arrabona.eu\/sk\/wp-json\/wp\/v2\/comments?post=8148"}],"version-history":[{"count":0,"href":"https:\/\/arrabona.eu\/sk\/wp-json\/wp\/v2\/posts\/8148\/revisions"}],"wp:featuredmedia":[{"embeddable":true,"href":"https:\/\/arrabona.eu\/sk\/wp-json\/wp\/v2\/media\/8149"}],"wp:attachment":[{"href":"https:\/\/arrabona.eu\/sk\/wp-json\/wp\/v2\/media?parent=8148"}],"wp:term":[{"taxonomy":"category","embeddable":true,"href":"https:\/\/arrabona.eu\/sk\/wp-json\/wp\/v2\/categories?post=8148"},{"taxonomy":"post_tag","embeddable":true,"href":"https:\/\/arrabona.eu\/sk\/wp-json\/wp\/v2\/tags?post=8148"}],"curies":[{"name":"wp","href":"https:\/\/api.w.org\/{rel}","templated":true}]}}