{"id":8133,"date":"2024-12-30T10:18:13","date_gmt":"2024-12-30T10:18:13","guid":{"rendered":"https:\/\/arrabona.eu\/bez-hranic-uspesne-pribehy-arrabona-ezus-v-roku-2024\/"},"modified":"2024-12-30T10:18:43","modified_gmt":"2024-12-30T10:18:43","slug":"bez-hranic-uspesne-pribehy-arrabona-ezus-v-roku-2024","status":"publish","type":"post","link":"https:\/\/arrabona.eu\/sk\/bez-hranic-uspesne-pribehy-arrabona-ezus-v-roku-2024\/","title":{"rendered":"Bez hran\u00edc: \u00daspe\u0161n\u00e9 pr\u00edbehy Arrabona EZ\u00daS v roku 2024"},"content":{"rendered":"<p>Od svojho zalo\u017eenia v roku 2010 sa Arrabona EZ\u00daS zameriava na spolupr\u00e1cu komunity v regi\u00f3noch pri Dunaji, \u010di u\u017e ide o kult\u00farne programy, rozvoj infra\u0161trukt\u00fary, cestovn\u00fd ruch, zdravotn\u00edctvo alebo soci\u00e1lnu a zamestnaneck\u00fa situ\u00e1ciu obyvate\u013eov tejto oblasti.<\/p>\n<p>&nbsp;<\/p>\n<p><strong>V\u00fdnimo\u010dn\u00e9 rozvojov\u00e9 projekty, akt\u00edvne turistick\u00e9 z\u00e1\u017eitky<\/strong><\/p>\n<p>Na\u0161a organiz\u00e1cia v apr\u00edli usporiadala <strong>F\u00f3rum pre rozvoj pohrani\u010dn\u00e9ho turizmu<\/strong> v Pannonhalmskom op\u00e1tstve, \u010d\u00edm vytvorila pr\u00edle\u017eitosti na spolupr\u00e1cu, v\u00fdmenu sk\u00fasenost\u00ed a networking pre \u00fa\u010dastn\u00edkov turizmu v regi\u00f3ne. Po f\u00f3re \u00fa\u010dastn\u00edci regi\u00f3nu Szigetk\u00f6z-\u017ditn\u00fd ostrov-Pannonhalma pokra\u010duj\u00fa v spolo\u010dnom pl\u00e1novan\u00ed \u00fazemn\u00e9ho ak\u010dn\u00e9ho pl\u00e1nu, ktor\u00fd umo\u017e\u0148uje predlo\u017ei\u0165 \u017eiados\u0165 o grant v r\u00e1mci programu <strong>Interreg VI-A Ma\u010farsko-Slovensko<\/strong> v konzorci\u00e1lnej forme. Po spolo\u010dnej pr\u00e1ci na f\u00f3re bol na jese\u0148 predstaven\u00fd region\u00e1lny stoln\u00e1 hra <strong>Arrabona Bingo<\/strong> na IV. Kl\u00edma Expo v Gy\u0151ri.<\/p>\n<p>V lete 2024 sa mohla uskuto\u010dni\u0165 sl\u00e1vnostn\u00e1 odovzdanie turistick\u00e9ho vstupn\u00e9ho a v\u00fdstupn\u00e9ho bodu v Dunakiliti, ktor\u00e9ho projekt pripravila a mana\u017ement zabezpe\u010dila Arrabona EZ\u00daS. Tento bod je vynikaj\u00facim miestom na oddych pre vodn\u00fdch turistov, cyklistov a pe\u0161\u00edch n\u00e1v\u0161tevn\u00edkov.<\/p>\n<p>Ako zodpovedn\u00fd organiz\u00e1tor letn\u00e9ho <strong>Cyklistick\u00e9ho t\u00e1bora<\/strong> a <strong>Vodn\u00e9ho t\u00e1bora<\/strong> a programu \u201e<strong>Cyklistika cez 7 hran\u00edc<\/strong>\u201c, Arrabona EZ\u00daS prispel pribli\u017ene 6000 prenocovaniami do regi\u00f3nu Szigetk\u00f6z- \u017ditn\u00fd ostrov -Pannonhalma, \u010d\u00edm poskytol z\u00e1\u017eitky mnoh\u00fdm \u0161kolsk\u00fdm de\u0165om a rodin\u00e1m.<\/p>\n<p>Ako zodpovedn\u00fd organiz\u00e1tor letn\u00e9ho cyklistick\u00e9ho t\u00e1bora a vodn\u00e9ho vandrovn\u00e9ho t\u00e1bora a programu \u201eCyklistika cez 7 hran\u00edc\u201c, Arrabona EZ\u00daS prispel pribli\u017ene 6000 prenocovaniami do regi\u00f3nu Szigetk\u00f6z-Csall\u00f3k\u00f6z-Pannonhalma, \u010d\u00edm poskytol z\u00e1\u017eitky mnoh\u00fdm \u0161kolsk\u00fdm de\u0165om a rodin\u00e1m.<\/p>\n<p><strong>\u00a0<\/strong><\/p>\n<p><strong>Klimatick\u00e1 a environment\u00e1lna ochrana<\/strong><\/p>\n<p>Jednou z hlavn\u00fdch udalost\u00ed roka bola v\u00fdstava IV. Kl\u00edma Expo v Gy\u0151ri, na ktorej sa EZ\u00daS z\u00fa\u010dastnilo nielen ako organiz\u00e1tor, ale aj ako vystavovate\u013e. Trojd\u0148ov\u00e1 medzin\u00e1rodn\u00e1 udalos\u0165 okrem odborn\u00fdch programov pon\u00fakla interakt\u00edvne a z\u00e1bavn\u00e9 aktivity pre miestne aj cezhrani\u010dn\u00e9 publikum. Arrabona EZ\u00daS zabezpe\u010dilo bezplatn\u00fa dopravu na v\u00fdstavu pre takmer 500 slovensk\u00fdch a ma\u010farsk\u00fdch \u0161tudentov.<\/p>\n<p>Jese\u0148 umo\u017enila za\u010datie cezhrani\u010dnej spolupr\u00e1ce, ktor\u00e1 predstavuje v\u00fdznamn\u00fa pr\u00edle\u017eitos\u0165 pre katastrofick\u00fa ochranu na \u00farovni obc\u00ed. V projekte #RISKCOOP realizovanom v partnerstve s Arrabona EZ\u00daS modernizuj\u00fa ma\u010farsk\u00e9 a slovensk\u00e9 obce, ako aj organiz\u00e1cie civilnej ochrany svoje vybavenie, spolo\u010dne \u0161kolia dobrovo\u013en\u00e9 z\u00e1chrann\u00e9 t\u00edmy a vypracov\u00e1vaj\u00fa cezhrani\u010dn\u00fa spolupr\u00e1cu strat\u00e9giu.<\/p>\n<p>V novembri bol spusten\u00fd projekt GREEN CITIES, ktor\u00e9ho cie\u013eom je udr\u017eate\u013en\u00e1 revitaliz\u00e1cia zelen\u00fdch pl\u00f4ch v slovensko-ma\u010farskom pohrani\u010dnom regi\u00f3ne. V \u0161tyroch zakladaj\u00facich mest\u00e1ch na\u0161ich \u010dlensk\u00fdch obc\u00ed \u2013 Dunajsk\u00e1 Streda, Gy\u0151r, Mosonmagyar\u00f3v\u00e1r a \u0160amor\u00edn \u2013 prebieha rehabilit\u00e1cia parkov, mestsk\u00fdch pl\u00f4ch alebo vytv\u00e1ranie zelen\u00fdch striech na \u0161kolsk\u00fdch budov\u00e1ch. Ako s\u00fa\u010das\u0165 programu sa Arrabona EZ\u00daS v partnerstve zaviazalo vyvin\u00fa\u0165 a zavies\u0165 syst\u00e9m zelen\u00fdch ambas\u00e1dorov na podporu udr\u017eate\u013enosti a zv\u00fd\u0161enie povedomia miestnych komun\u00edt. Poskytujeme tie\u017e n\u00e1stroje na formovanie postojov aj pre men\u0161ie \u010dlensk\u00e9 obce, ako napr\u00edklad hotel pre v\u010dely, zbera\u010de da\u017e\u010fovej vody a kompostovacie n\u00e1doby, ktor\u00e9 pom\u00f4\u017eu propagova\u0165 a prezentova\u0165 udr\u017eate\u013en\u00e9 pozit\u00edvne praktiky v miestnych vzdel\u00e1vac\u00edch in\u0161tit\u00faci\u00e1ch a mal\u00fdch komunit\u00e1ch.<\/p>\n<p><strong>\u00a0<\/strong><\/p>\n<p><strong>Rast\u00face \u010dlenstvo<\/strong><\/p>\n<p>Na v\u00fdro\u010dnom valnom zhroma\u017eden\u00ed Arrabona EZ\u00daS v m\u00e1ji sa na\u0161e zdru\u017eenie roz\u0161\u00edrilo o nov\u00e9ho \u010dlena: obec \u0147\u00e1rad. V tohtoro\u010dn\u00fdch ma\u010farsk\u00fdch komun\u00e1lnych vo\u013eb\u00e1ch nieko\u013eko na\u0161ich \u010dlensk\u00fdch obc\u00ed priv\u00edtalo nov\u00e9ho starostu. V novembri Arrabona EZ\u00daS \u00faspe\u0161ne zorganizovalo Study Tour pre starostov obc\u00ed z regi\u00f3nov Szigetk\u00f6z a \u017ditn\u00fd ostrov. Tento raz sa programy uskuto\u010dnili v \u0161tyroch obciach na \u017ditnom ostrove: v obci Horn\u00fd Bar, Mierovo, Dunajsk\u00e1 Streda a Ve\u013ek\u00fd Meder. Okrem predstavenia spolo\u010dn\u00fdch projektov a preh\u013eadu bud\u00facich mo\u017enost\u00ed sa uskuto\u010dnili aj neform\u00e1lne rozhovory, a ver\u00edme, \u017ee tento de\u0148 otvoril \u010fal\u0161ie mo\u017enosti pre bud\u00facu spolupr\u00e1cu, ktor\u00e9 m\u00f4\u017eu posilni\u0165 rozvoj cezhrani\u010dn\u00e9ho turizmu. Te\u0161\u00ed n\u00e1s, \u017ee po na\u0161ej \u0161tudijnej ceste \u010fal\u0161ie obce z Ma\u010farska a Slovenska prejavili z\u00e1ujem o vstup do Arrabona EZ\u00daS .<\/p>\n<p><strong>\u00a0<\/strong><\/p>\n","protected":false},"excerpt":{"rendered":"<p>Od svojho zalo\u017eenia v roku 2010 sa Arrabona EZ\u00daS zameriava na spolupr\u00e1cu komunity v regi\u00f3noch pri Dunaji, \u010di u\u017e ide o kult\u00farne programy, rozvoj infra\u0161trukt\u00fary, cestovn\u00fd ruch, zdravotn\u00edctvo alebo soci\u00e1lnu a zamestnaneck\u00fa situ\u00e1ciu obyvate\u013eov tejto oblasti. &nbsp; V\u00fdnimo\u010dn\u00e9 rozvojov\u00e9 projekty, akt\u00edvne turistick\u00e9 z\u00e1\u017eitky Na\u0161a organiz\u00e1cia v apr\u00edli usporiadala F\u00f3rum pre rozvoj pohrani\u010dn\u00e9ho turizmu v Pannonhalmskom [&hellip;]<\/p>\n","protected":false},"author":32,"featured_media":8134,"comment_status":"open","ping_status":"open","sticky":false,"template":"","format":"standard","meta":{"_acf_changed":false,"footnotes":""},"categories":[75],"tags":[],"class_list":["post-8133","post","type-post","status-publish","format-standard","has-post-thumbnail","hentry","category-arrabona-sk"],"acf":[],"amp_enabled":true,"_links":{"self":[{"href":"https:\/\/arrabona.eu\/sk\/wp-json\/wp\/v2\/posts\/8133","targetHints":{"allow":["GET"]}}],"collection":[{"href":"https:\/\/arrabona.eu\/sk\/wp-json\/wp\/v2\/posts"}],"about":[{"href":"https:\/\/arrabona.eu\/sk\/wp-json\/wp\/v2\/types\/post"}],"author":[{"embeddable":true,"href":"https:\/\/arrabona.eu\/sk\/wp-json\/wp\/v2\/users\/32"}],"replies":[{"embeddable":true,"href":"https:\/\/arrabona.eu\/sk\/wp-json\/wp\/v2\/comments?post=8133"}],"version-history":[{"count":0,"href":"https:\/\/arrabona.eu\/sk\/wp-json\/wp\/v2\/posts\/8133\/revisions"}],"wp:featuredmedia":[{"embeddable":true,"href":"https:\/\/arrabona.eu\/sk\/wp-json\/wp\/v2\/media\/8134"}],"wp:attachment":[{"href":"https:\/\/arrabona.eu\/sk\/wp-json\/wp\/v2\/media?parent=8133"}],"wp:term":[{"taxonomy":"category","embeddable":true,"href":"https:\/\/arrabona.eu\/sk\/wp-json\/wp\/v2\/categories?post=8133"},{"taxonomy":"post_tag","embeddable":true,"href":"https:\/\/arrabona.eu\/sk\/wp-json\/wp\/v2\/tags?post=8133"}],"curies":[{"name":"wp","href":"https:\/\/api.w.org\/{rel}","templated":true}]}}