{"id":8124,"date":"2024-12-23T11:08:23","date_gmt":"2024-12-23T11:08:23","guid":{"rendered":"https:\/\/arrabona.eu\/prijemne-sviatky-vam-praje-tim-arrabona-ezus\/"},"modified":"2024-12-23T11:31:26","modified_gmt":"2024-12-23T11:31:26","slug":"prijemne-sviatky-vam-praje-tim-arrabona-ezus","status":"publish","type":"post","link":"https:\/\/arrabona.eu\/sk\/prijemne-sviatky-vam-praje-tim-arrabona-ezus\/","title":{"rendered":"Pr\u00edjemn\u00e9 sviatky v\u00e1m praje t\u00edm Arrabona EZ\u00daS."},"content":{"rendered":"<p>T\u00edm Arrabona EZ\u00daS by r\u00e1d vyjadril svoju v\u010fa\u010dnos\u0165 a po\u010fakovanie v\u0161etk\u00fdm, ktor\u00ed n\u00e1m v uplynulom roku prejavili d\u00f4veru a podporili na\u0161u pr\u00e1cu, ke\u010f sa bl\u00ed\u017ei sviato\u010dn\u00e9 obdobie. S ve\u013ekou rados\u0165ou sme spolupracovali s na\u0161imi partnermi a spolo\u010dne sme uzavreli \u00faspe\u0161n\u00fd rok.<\/p>\n<p>S pote\u0161en\u00edm spom\u00edname na spolo\u010dn\u00e9 \u00faspechy a s hrdos\u0165ou m\u00f4\u017eeme poveda\u0165, \u017ee sme boli svedkami \u00faspe\u0161n\u00fdch spolupr\u00e1c. Va\u0161a podpora bola k\u013e\u00fa\u010dov\u00e1 pri dosahovan\u00ed na\u0161ich spolo\u010dn\u00fdch cie\u013eov. \u010eakujeme za va\u0161u d\u00f4veru a oddanos\u0165!<\/p>\n<p>Prajem v\u00e1m pokojn\u00e9 a radostn\u00e9 Vianoce a \u0161\u0165astn\u00fd, \u00faspe\u0161n\u00fd Nov\u00fd rok v\u0161etk\u00fdm na\u0161im partnerom a ich rodin\u00e1m! Ver\u00edme, \u017ee v bud\u00facom roku budeme m\u00f4c\u0165 pokra\u010dova\u0165 v na\u0161ej spolo\u010dnej pr\u00e1ci a dosiahnu\u0165 \u010fal\u0161ie \u00faspechy spolo\u010dne.<\/p>\n<p>Prajeme pr\u00edjemn\u00e9 sviatky a \u0161\u0165astn\u00fd nov\u00fd rok!<\/p>\n<p>S \u00factou,<br \/>\nt\u00edm Arrabona EZ\u00daS<\/p>\n","protected":false},"excerpt":{"rendered":"<p>T\u00edm Arrabona EZ\u00daS by r\u00e1d vyjadril svoju v\u010fa\u010dnos\u0165 a po\u010fakovanie v\u0161etk\u00fdm, ktor\u00ed n\u00e1m v uplynulom roku prejavili d\u00f4veru a podporili na\u0161u pr\u00e1cu, ke\u010f sa bl\u00ed\u017ei sviato\u010dn\u00e9 obdobie. S ve\u013ekou rados\u0165ou sme spolupracovali s na\u0161imi partnermi a spolo\u010dne sme uzavreli \u00faspe\u0161n\u00fd rok. S pote\u0161en\u00edm spom\u00edname na spolo\u010dn\u00e9 \u00faspechy a s hrdos\u0165ou m\u00f4\u017eeme poveda\u0165, \u017ee sme boli [&hellip;]<\/p>\n","protected":false},"author":32,"featured_media":8125,"comment_status":"open","ping_status":"open","sticky":false,"template":"","format":"standard","meta":{"_acf_changed":false,"footnotes":""},"categories":[75],"tags":[],"class_list":["post-8124","post","type-post","status-publish","format-standard","has-post-thumbnail","hentry","category-arrabona-sk"],"acf":[],"amp_enabled":true,"_links":{"self":[{"href":"https:\/\/arrabona.eu\/sk\/wp-json\/wp\/v2\/posts\/8124","targetHints":{"allow":["GET"]}}],"collection":[{"href":"https:\/\/arrabona.eu\/sk\/wp-json\/wp\/v2\/posts"}],"about":[{"href":"https:\/\/arrabona.eu\/sk\/wp-json\/wp\/v2\/types\/post"}],"author":[{"embeddable":true,"href":"https:\/\/arrabona.eu\/sk\/wp-json\/wp\/v2\/users\/32"}],"replies":[{"embeddable":true,"href":"https:\/\/arrabona.eu\/sk\/wp-json\/wp\/v2\/comments?post=8124"}],"version-history":[{"count":0,"href":"https:\/\/arrabona.eu\/sk\/wp-json\/wp\/v2\/posts\/8124\/revisions"}],"wp:featuredmedia":[{"embeddable":true,"href":"https:\/\/arrabona.eu\/sk\/wp-json\/wp\/v2\/media\/8125"}],"wp:attachment":[{"href":"https:\/\/arrabona.eu\/sk\/wp-json\/wp\/v2\/media?parent=8124"}],"wp:term":[{"taxonomy":"category","embeddable":true,"href":"https:\/\/arrabona.eu\/sk\/wp-json\/wp\/v2\/categories?post=8124"},{"taxonomy":"post_tag","embeddable":true,"href":"https:\/\/arrabona.eu\/sk\/wp-json\/wp\/v2\/tags?post=8124"}],"curies":[{"name":"wp","href":"https:\/\/api.w.org\/{rel}","templated":true}]}}