{"id":8117,"date":"2024-12-20T15:42:45","date_gmt":"2024-12-20T15:42:45","guid":{"rendered":"https:\/\/arrabona.eu\/zrekonstruovany-komunitny-dom-v-mariakalnoku\/"},"modified":"2024-12-20T15:43:10","modified_gmt":"2024-12-20T15:43:10","slug":"zrekonstruovany-komunitny-dom-v-mariakalnoku","status":"publish","type":"post","link":"https:\/\/arrabona.eu\/sk\/zrekonstruovany-komunitny-dom-v-mariakalnoku\/","title":{"rendered":"Zrekon\u0161truovan\u00fd komunitn\u00fd dom v M\u00e1riak\u00e1lnoku"},"content":{"rendered":"<p>Sl\u00e1vnostne odovzdali obnoven\u00fd komunitn\u00fd dom v M\u00e1riak\u00e1lnoku, ktor\u00fd sa nach\u00e1dza v srdci obce a bude sl\u00fa\u017ei\u0165 ako atrakt\u00edvne komunitn\u00e9 a kult\u00farne centrum nielen pre miestnych obyvate\u013eov, ale aj pre n\u00e1v\u0161tevn\u00edkov.<\/p>\n<p>Kompletn\u00e1 obnova viac ako storo\u010dn\u00e9ho komunitn\u00e9ho domu bola v\u00fdsledkom spolupr\u00e1ce Obecn\u00e9ho \u00faradu M\u00e1riak\u00e1lnok a Arrabona EGTC. Projekt bol realizovan\u00fd v r\u00e1mci v\u00fdzvy Eur\u00f3pskej \u00fanie TOP_PLUSZ-1.2.1-21, s podporou vo v\u00fd\u0161ke 169,97 mili\u00f3na forintov vo forme nen\u00e1vratn\u00e9ho finan\u010dn\u00e9ho pr\u00edspevku.<\/p>\n<p>Komunitn\u00fd dom, postaven\u00fd na za\u010diatku 20. storo\u010dia, je najimpozantnej\u0161ou budovou v M\u00e1riak\u00e1lnoku a u\u017e v minulosti sl\u00fa\u017eil ako centrum obecn\u00fdch podujat\u00ed, komunitn\u00fdch programov a aktiv\u00edt ob\u010dianskych organiz\u00e1ci\u00ed. Po\u010das rekon\u0161trukcie bol objekt obnoven\u00fd zvonka aj zvn\u00fatra, boli vymenen\u00e9 okn\u00e1 a dvere, modernizovan\u00e1 technol\u00f3gia, steny boli zateplen\u00e9 a znovu natret\u00e9 a polo\u017een\u00e9 nov\u00e9 podlahy. V r\u00e1mci prestavby bola vytvoren\u00e1 v\u00e4\u010d\u0161ia predn\u00e1\u0161kov\u00e1 miestnos\u0165, ktor\u00e1 poskytne d\u00f4stojn\u00fd priestor pre podujatia, a z\u00e1rove\u0148 bola postaven\u00e1 aj nov\u00e1 sc\u00e9na.<\/p>\n<p>Obnoven\u00e1 budova nebude len miestom pre miestne komunitn\u00e9 podujatia, ale spolu s upraven\u00fdm parkom zv\u00fd\u0161i aj turistick\u00fa atraktivitu M\u00e1riak\u00e1lnoku.<\/p>\n<p>Sl\u00e1vnostn\u00e9 odovzdanie sa uskuto\u010dnilo 12. decembra 2024, za \u00fa\u010dasti miestnych obyvate\u013eov, ako aj Dr. Istv\u00e1na Nagya, ministra p\u00f4dohospod\u00e1rstva a poslanca parlamentu.<\/p>\n<p><strong>\u00dadaje o projekte:<\/strong><\/p>\n<ul>\n<li>N\u00e1zov projektu: Obnova komunitn\u00e9ho domu v M\u00e1riak\u00e1lnoku<br \/>\n\u00b7 Miesto: M\u00e1riak\u00e1lnok, Pet\u0151fiho ulica 1. (parc. \u010d.: 133)<br \/>\n\u00b7 V\u00fd\u0161ka podpory: 169 969 500 Ft<br \/>\n\u00b7 Identifik\u00e1cia projektu: TOP_PLUSZ-1.2.1-21-GM1-2022-00016<br \/>\n\u00b7 D\u00e1tum fyzick\u00e9ho ukon\u010denia: 31. decembra 2024<\/li>\n<\/ul>\n<p>Obnoven\u00fd komunitn\u00fd dom bude aj na\u010falej v\u00fdznamn\u00fdm miestom pre \u017eivot miestnej komunity, pri\u010dom pon\u00fakne nov\u00e9 mo\u017enosti pre kult\u00farne a turistick\u00e9 podujatia.<\/p>\n","protected":false},"excerpt":{"rendered":"<p>Sl\u00e1vnostne odovzdali obnoven\u00fd komunitn\u00fd dom v M\u00e1riak\u00e1lnoku, ktor\u00fd sa nach\u00e1dza v srdci obce a bude sl\u00fa\u017ei\u0165 ako atrakt\u00edvne komunitn\u00e9 a kult\u00farne centrum nielen pre miestnych obyvate\u013eov, ale aj pre n\u00e1v\u0161tevn\u00edkov. Kompletn\u00e1 obnova viac ako storo\u010dn\u00e9ho komunitn\u00e9ho domu bola v\u00fdsledkom spolupr\u00e1ce Obecn\u00e9ho \u00faradu M\u00e1riak\u00e1lnok a Arrabona EGTC. Projekt bol realizovan\u00fd v r\u00e1mci v\u00fdzvy Eur\u00f3pskej \u00fanie TOP_PLUSZ-1.2.1-21, [&hellip;]<\/p>\n","protected":false},"author":32,"featured_media":8511,"comment_status":"open","ping_status":"open","sticky":false,"template":"","format":"standard","meta":{"_acf_changed":false,"footnotes":""},"categories":[75],"tags":[],"class_list":["post-8117","post","type-post","status-publish","format-standard","has-post-thumbnail","hentry","category-arrabona-sk"],"acf":[],"amp_enabled":true,"_links":{"self":[{"href":"https:\/\/arrabona.eu\/sk\/wp-json\/wp\/v2\/posts\/8117","targetHints":{"allow":["GET"]}}],"collection":[{"href":"https:\/\/arrabona.eu\/sk\/wp-json\/wp\/v2\/posts"}],"about":[{"href":"https:\/\/arrabona.eu\/sk\/wp-json\/wp\/v2\/types\/post"}],"author":[{"embeddable":true,"href":"https:\/\/arrabona.eu\/sk\/wp-json\/wp\/v2\/users\/32"}],"replies":[{"embeddable":true,"href":"https:\/\/arrabona.eu\/sk\/wp-json\/wp\/v2\/comments?post=8117"}],"version-history":[{"count":0,"href":"https:\/\/arrabona.eu\/sk\/wp-json\/wp\/v2\/posts\/8117\/revisions"}],"wp:featuredmedia":[{"embeddable":true,"href":"https:\/\/arrabona.eu\/sk\/wp-json\/wp\/v2\/media\/8511"}],"wp:attachment":[{"href":"https:\/\/arrabona.eu\/sk\/wp-json\/wp\/v2\/media?parent=8117"}],"wp:term":[{"taxonomy":"category","embeddable":true,"href":"https:\/\/arrabona.eu\/sk\/wp-json\/wp\/v2\/categories?post=8117"},{"taxonomy":"post_tag","embeddable":true,"href":"https:\/\/arrabona.eu\/sk\/wp-json\/wp\/v2\/tags?post=8117"}],"curies":[{"name":"wp","href":"https:\/\/api.w.org\/{rel}","templated":true}]}}