{"id":8091,"date":"2024-12-09T15:32:28","date_gmt":"2024-12-09T15:32:28","guid":{"rendered":"https:\/\/arrabona.eu\/spolupraca-v-oblasti-ochrany-pred-katastrofami-v-slovensko-madarskom-pohranicnom-regione\/"},"modified":"2024-12-09T15:32:52","modified_gmt":"2024-12-09T15:32:52","slug":"spolupraca-v-oblasti-ochrany-pred-katastrofami-v-slovensko-madarskom-pohranicnom-regione","status":"publish","type":"post","link":"https:\/\/arrabona.eu\/sk\/spolupraca-v-oblasti-ochrany-pred-katastrofami-v-slovensko-madarskom-pohranicnom-regione\/","title":{"rendered":"Spolupr\u00e1ca v oblasti ochrany pred katastrofami v slovensko-ma\u010farskom pohrani\u010dnom regi\u00f3ne"},"content":{"rendered":"<p>Projekt s n\u00e1zvom \u201eCezhrani\u010dn\u00e1 spolupr\u00e1ca v oblasti prevencie rizika katastrof (#riskcoop)\u201c s identifika\u010dn\u00fdm \u010d\u00edslom HUSK\/2302\/1.2\/081 sa realizuje v obdob\u00ed od 1. j\u00fala 2024 do 31. decembra 2026 v spolupr\u00e1ci 11 partnerov s podporou vo v\u00fd\u0161ke 1 018 729,76 EUR v r\u00e1mci programu Interreg VI-A Ma\u010farsko-Slovensko.<\/p>\n<p>Partnerstvo zah\u0155\u0148a profesion\u00e1lne a dobrovo\u013en\u00e9 odborn\u00e9 organiz\u00e1cie pre ochranu pred katastrofami, ako aj samospr\u00e1vy z oboch str\u00e1n slovensko-ma\u010farskej hranice.<\/p>\n<p>Cie\u013eom projektu je zv\u00fd\u0161i\u0165 efekt\u00edvnos\u0165 ochrany pred katastrofami, rozv\u00edja\u0165 civiln\u00fdch dobrovo\u013en\u00edkov a zlep\u0161i\u0165 vybavenie z\u00e1sahov\u00fdch jednotiek. S\u00fa\u010das\u0165ou projektu je n\u00e1kup hasi\u010dsk\u00fdch vozidiel a \u0161peci\u00e1lnych zariaden\u00ed, ako aj v\u00fdstavba a rekon\u0161trukcia hasi\u010dsk\u00fdch stan\u00edc.<\/p>\n<p>V z\u00e1ujme rozvoja cezhrani\u010dnej spolupr\u00e1ce v oblasti ochrany partneri projektu organizuj\u00fa odborn\u00e9 \u0161kolenia, spolo\u010dn\u00e9 cezhrani\u010dn\u00e9 cvi\u010denia a s\u00fa\u0165a\u017ee. Osobitn\u00e1 pozornos\u0165 sa venuje prehlbovaniu vedomost\u00ed miestnych riadiacich pracovn\u00edkov z\u00e1chrany, ako aj informovaniu verejnosti, najm\u00e4 mlad\u00fdch \u013eud\u00ed, s cie\u013eom prevencie a n\u00e1boru do z\u00e1chrann\u00fdch organiz\u00e1ci\u00ed.<\/p>\n<p>V r\u00e1mci \u010dasti projektu, ktor\u00fa realizuje Arrabona EGTC, sa kladie d\u00f4raz na to, aby si miestni ved\u00faci predstavitelia obc\u00ed, ktor\u00ed pod\u013ea legislat\u00edvy p\u00f4sobia ako miestni ved\u00faci ochrany pred katastrofami, osvojili a preh\u013abili svoje znalosti potrebn\u00e9 na rie\u0161enie kr\u00edzov\u00fdch situ\u00e1ci\u00ed prostredn\u00edctvom simula\u010dn\u00e9ho cvi\u010denia. To z\u00e1rove\u0148 podporuje spolupr\u00e1cu medzi civiln\u00fdmi a dobrovo\u013en\u00fdmi z\u00e1chrann\u00fdmi organiz\u00e1ciami.<\/p>\n<p>Cie\u013eom \u0161kolen\u00ed vo forme simula\u010dn\u00fdch cvi\u010den\u00ed je zlep\u0161i\u0165 zru\u010dnosti starostov na po\u017eadovan\u00fa \u00farove\u0148, aby v bud\u00facnosti mohli tieto znalosti uplatni\u0165, \u010d\u00edm zabezpe\u010dia rovnak\u00e9 pr\u00edle\u017eitosti pre v\u0161etk\u00fdch obyvate\u013eov svojej obce.<\/p>\n<p>V r\u00e1mci tejto \u010dasti projektu sa nak\u00fapia zariadenia pre dobrovo\u013en\u00e9 hasi\u010dsk\u00e9 zbory v obciach B\u00e9k\u00e9 a Kunsziget.<\/p>\n<p>V\u00fdsledkom tejto \u010dasti projektu bude komplexn\u00e1 anal\u00fdza pr\u00e1vnych, odborn\u00fdch, organiza\u010dn\u00fdch a metodologick\u00fdch podmienok na efekt\u00edvnu a r\u00fdchlu bilater\u00e1lnu spolupr\u00e1cu pri pr\u00edprave a z\u00e1chrane v kr\u00edzov\u00fdch situ\u00e1ci\u00e1ch. V\u00fdsledky bud\u00fa spracovan\u00e9 v metodickej \u0161t\u00fadii, ktor\u00e1 bude zah\u0155\u0148a\u0165 anal\u00fdzu s\u00fa\u010dasn\u00e9ho stavu, spolo\u010dn\u00fa metodol\u00f3giu a z\u00e1sahov\u00fd pl\u00e1n, ako aj n\u00e1vrhy vypracovan\u00e9 s oh\u013eadom na potreby z\u00e1chrann\u00fdch organiz\u00e1ci\u00ed.<\/p>\n<p>Realiz\u00e1cia tejto \u010dasti projektu prispeje k zlep\u0161eniu pripravenosti na ochranu pred katastrofami v pohrani\u010dnom regi\u00f3ne, k rozvoju odborn\u00fdch r\u00e1mcov a k spolupr\u00e1ci medzi z\u00e1chrann\u00fdmi organiz\u00e1ciami oboch kraj\u00edn. T\u00fdm sa zv\u00fd\u0161i bezpe\u010dnos\u0165 a ochrana majetku obyvate\u013eov regi\u00f3nu.<\/p>\n<p>Realiz\u00e1ciu tejto \u010dasti projektu podporuje pr\u00edspevok z ERDF vo v\u00fd\u0161ke 104 005,43 \u20ac a n\u00e1rodn\u00fd pr\u00edspevok vo v\u00fd\u0161ke 19 501,01 \u20ac.<br \/>\n<strong>Akronym projektu:<\/strong> #riskcoop<br \/>\n<strong>ID partnera:<\/strong> HUSK\/2302\/1.2\/081<br \/>\n<strong>N\u00e1zov projektu:<\/strong> Cezhrani\u010dn\u00e1 spolupr\u00e1ca v oblasti prevencie rizika katastrof<br \/>\n<strong>N\u00e1zov partnera:<\/strong> Arrabona EGTC (LP)<\/p>\n<p>&nbsp;<\/p>\n","protected":false},"excerpt":{"rendered":"<p>Projekt s n\u00e1zvom \u201eCezhrani\u010dn\u00e1 spolupr\u00e1ca v oblasti prevencie rizika katastrof (#riskcoop)\u201c s identifika\u010dn\u00fdm \u010d\u00edslom HUSK\/2302\/1.2\/081 sa realizuje v obdob\u00ed od 1. j\u00fala 2024 do 31. decembra 2026 v spolupr\u00e1ci 11 partnerov s podporou vo v\u00fd\u0161ke 1 018 729,76 EUR v r\u00e1mci programu Interreg VI-A Ma\u010farsko-Slovensko. Partnerstvo zah\u0155\u0148a profesion\u00e1lne a dobrovo\u013en\u00e9 odborn\u00e9 organiz\u00e1cie pre ochranu pred [&hellip;]<\/p>\n","protected":false},"author":32,"featured_media":8092,"comment_status":"open","ping_status":"open","sticky":false,"template":"","format":"standard","meta":{"_acf_changed":false,"footnotes":""},"categories":[75],"tags":[],"class_list":["post-8091","post","type-post","status-publish","format-standard","has-post-thumbnail","hentry","category-arrabona-sk"],"acf":[],"amp_enabled":true,"_links":{"self":[{"href":"https:\/\/arrabona.eu\/sk\/wp-json\/wp\/v2\/posts\/8091","targetHints":{"allow":["GET"]}}],"collection":[{"href":"https:\/\/arrabona.eu\/sk\/wp-json\/wp\/v2\/posts"}],"about":[{"href":"https:\/\/arrabona.eu\/sk\/wp-json\/wp\/v2\/types\/post"}],"author":[{"embeddable":true,"href":"https:\/\/arrabona.eu\/sk\/wp-json\/wp\/v2\/users\/32"}],"replies":[{"embeddable":true,"href":"https:\/\/arrabona.eu\/sk\/wp-json\/wp\/v2\/comments?post=8091"}],"version-history":[{"count":0,"href":"https:\/\/arrabona.eu\/sk\/wp-json\/wp\/v2\/posts\/8091\/revisions"}],"wp:featuredmedia":[{"embeddable":true,"href":"https:\/\/arrabona.eu\/sk\/wp-json\/wp\/v2\/media\/8092"}],"wp:attachment":[{"href":"https:\/\/arrabona.eu\/sk\/wp-json\/wp\/v2\/media?parent=8091"}],"wp:term":[{"taxonomy":"category","embeddable":true,"href":"https:\/\/arrabona.eu\/sk\/wp-json\/wp\/v2\/categories?post=8091"},{"taxonomy":"post_tag","embeddable":true,"href":"https:\/\/arrabona.eu\/sk\/wp-json\/wp\/v2\/tags?post=8091"}],"curies":[{"name":"wp","href":"https:\/\/api.w.org\/{rel}","templated":true}]}}