{"id":8082,"date":"2024-11-19T08:34:19","date_gmt":"2024-11-19T08:34:19","guid":{"rendered":"https:\/\/arrabona.eu\/study-tour-pre-starostov-clenskych-obci-z-maleho-zitneho-ostrova-a-zitneho-ostrova\/"},"modified":"2024-11-19T08:35:24","modified_gmt":"2024-11-19T08:35:24","slug":"study-tour-pre-starostov-clenskych-obci-z-maleho-zitneho-ostrova-a-zitneho-ostrova","status":"publish","type":"post","link":"https:\/\/arrabona.eu\/sk\/study-tour-pre-starostov-clenskych-obci-z-maleho-zitneho-ostrova-a-zitneho-ostrova\/","title":{"rendered":"Study tour pre starostov \u010dlensk\u00fdch obc\u00ed z Mal\u00e9ho \u017ditn\u00e9ho ostrova a \u017ditn\u00e9ho ostrova"},"content":{"rendered":"<p>D\u0148a 14. novembra 2024 zorganizovalo Arrabona EGTC \u00faspe\u0161n\u00fd <em>Study tour<\/em> pre starostov obc\u00ed z Mal\u00e9ho \u017ditn\u00e9ho ostrova a \u017ditn\u00e9ho ostrova. Cie\u013eom podujatia bolo umo\u017eni\u0165 \u00fa\u010dastn\u00edkom bli\u017e\u0161ie spozna\u0165 sa navz\u00e1jom a z\u00e1rove\u0148 si prezrie\u0165 miesta spolo\u010dn\u00fdch projektov realizovan\u00fdch v spolupr\u00e1ci s Arrabona EGTC.<\/p>\n<p>Po\u010das programu starostovia nav\u0161t\u00edvili viacer\u00e9 obce, ako Felb\u00e1r, Baka, Dunajsk\u00fa Stredu a Ve\u013ek\u00fd Meder. Na jednotliv\u00fdch miestach mali mo\u017enos\u0165 diskutova\u0165 o aktu\u00e1lnych spolo\u010dn\u00fdch projektoch a presk\u00fama\u0165 mo\u017enosti bud\u00facej spolupr\u00e1ce. Nav\u0161t\u00edven\u00e9 lokality s\u00fa \u00fazko sp\u00e4t\u00e9 s rozvojov\u00fdmi projektmi Arrabona EGTC, ktor\u00e9 zohr\u00e1vaj\u00fa v\u00fdznamn\u00fa \u00falohu v rozvoji tohto regi\u00f3nu.<\/p>\n<p>Po\u010das podujatia boli pre \u00fa\u010dastn\u00edkov pripraven\u00e9 chutn\u00e9 ob\u010derstvenie a osvie\u017euj\u00face n\u00e1poje, \u010do prispelo k pr\u00edjemnej atmosf\u00e9re cel\u00e9ho programu. Starostovia sa akt\u00edvne zap\u00e1jali do diskusi\u00ed a mali viacero pr\u00edle\u017eitost\u00ed na v\u00fdmenu sk\u00fasenost\u00ed.<\/p>\n<p>Te\u0161\u00ed n\u00e1s, \u017ee sme mohli zorganizova\u0165 tak\u00e9to \u00faspe\u0161n\u00e9 podujatie, ktor\u00e9 umo\u017enilo starostom z Mal\u00e9ho \u017ditn\u00e9ho ostrova a \u017ditn\u00e9ho ostrova bli\u017e\u0161ie sa spozna\u0165. Tak\u00e9to stretnutia s\u00fa k\u013e\u00fa\u010dov\u00e9 pre rozvoj regi\u00f3nu, ke\u010f\u017ee posil\u0148uj\u00fa spolupr\u00e1cu a spolo\u010dn\u00fa pr\u00e1cu.<\/p>\n<p>Podujatie sa nieslo vo v\u00fdbornej atmosf\u00e9re a otvorilo nov\u00e9 mo\u017enosti pre bud\u00face spolo\u010dn\u00e9 projekty, ktor\u00e9 m\u00f4\u017eu podpori\u0165 rozvoj cezhrani\u010dn\u00e9ho turizmu.<\/p>\n","protected":false},"excerpt":{"rendered":"<p>D\u0148a 14. novembra 2024 zorganizovalo Arrabona EGTC \u00faspe\u0161n\u00fd Study tour pre starostov obc\u00ed z Mal\u00e9ho \u017ditn\u00e9ho ostrova a \u017ditn\u00e9ho ostrova. Cie\u013eom podujatia bolo umo\u017eni\u0165 \u00fa\u010dastn\u00edkom bli\u017e\u0161ie spozna\u0165 sa navz\u00e1jom a z\u00e1rove\u0148 si prezrie\u0165 miesta spolo\u010dn\u00fdch projektov realizovan\u00fdch v spolupr\u00e1ci s Arrabona EGTC. Po\u010das programu starostovia nav\u0161t\u00edvili viacer\u00e9 obce, ako Felb\u00e1r, Baka, Dunajsk\u00fa Stredu a Ve\u013ek\u00fd [&hellip;]<\/p>\n","protected":false},"author":32,"featured_media":8084,"comment_status":"open","ping_status":"open","sticky":false,"template":"","format":"standard","meta":{"_acf_changed":false,"footnotes":""},"categories":[38],"tags":[],"class_list":["post-8082","post","type-post","status-publish","format-standard","has-post-thumbnail","hentry","category-uncategorized-sk"],"acf":[],"amp_enabled":true,"_links":{"self":[{"href":"https:\/\/arrabona.eu\/sk\/wp-json\/wp\/v2\/posts\/8082","targetHints":{"allow":["GET"]}}],"collection":[{"href":"https:\/\/arrabona.eu\/sk\/wp-json\/wp\/v2\/posts"}],"about":[{"href":"https:\/\/arrabona.eu\/sk\/wp-json\/wp\/v2\/types\/post"}],"author":[{"embeddable":true,"href":"https:\/\/arrabona.eu\/sk\/wp-json\/wp\/v2\/users\/32"}],"replies":[{"embeddable":true,"href":"https:\/\/arrabona.eu\/sk\/wp-json\/wp\/v2\/comments?post=8082"}],"version-history":[{"count":0,"href":"https:\/\/arrabona.eu\/sk\/wp-json\/wp\/v2\/posts\/8082\/revisions"}],"wp:featuredmedia":[{"embeddable":true,"href":"https:\/\/arrabona.eu\/sk\/wp-json\/wp\/v2\/media\/8084"}],"wp:attachment":[{"href":"https:\/\/arrabona.eu\/sk\/wp-json\/wp\/v2\/media?parent=8082"}],"wp:term":[{"taxonomy":"category","embeddable":true,"href":"https:\/\/arrabona.eu\/sk\/wp-json\/wp\/v2\/categories?post=8082"},{"taxonomy":"post_tag","embeddable":true,"href":"https:\/\/arrabona.eu\/sk\/wp-json\/wp\/v2\/tags?post=8082"}],"curies":[{"name":"wp","href":"https:\/\/api.w.org\/{rel}","templated":true}]}}