{"id":8071,"date":"2024-11-19T08:21:56","date_gmt":"2024-11-19T08:21:56","guid":{"rendered":"https:\/\/arrabona.eu\/iv-klima-expo-gyor\/"},"modified":"2024-11-19T08:25:45","modified_gmt":"2024-11-19T08:25:45","slug":"iv-klima-expo-gyor","status":"publish","type":"post","link":"https:\/\/arrabona.eu\/sk\/iv-klima-expo-gyor\/","title":{"rendered":"IV. Kl\u00edma Expo Gy\u0151r"},"content":{"rendered":"<p>IV. Kl\u00edma Expo Gy\u0151r sa uskuto\u010dnilo v d\u0148och 3. a\u017e 5. okt\u00f3bra 2024, kde sa Arrabona EGTC z\u00fa\u010dastnilo ako spoluorganiz\u00e1tor a zabezpe\u010dilo odborn\u00e9 programy, ich realiz\u00e1ciu a programy na formovanie environment\u00e1lneho povedomia.<\/p>\n<p>Arrabona EGTC sa nepredstavilo len ako organiz\u00e1tor, ale aj ako vystavovate\u013e po\u010das cel\u00e9ho trvania Expo. Na\u0161a organiz\u00e1cia zohrala v\u00fdznamn\u00fa \u00falohu v internacionaliz\u00e1cii podujatia a v cielenom osloven\u00ed mladej gener\u00e1cie z miestnych aj cezhrani\u010dn\u00fdch komun\u00edt s cie\u013eom formova\u0165 ich postoj k ot\u00e1zkam kl\u00edmy.<\/p>\n<p>Prv\u00fd de\u0148 odborn\u00e9ho programu predstavili partnersk\u00e9 mest\u00e1 mesta Gy\u0151r svoje environment\u00e1lne a klimatick\u00e9 iniciat\u00edvy v duchu Green Deal. De\u0148 vyvrcholil p\u00fatavou diskusiou na t\u00e9mu klimatickej zmeny, ktorej sa z\u00fa\u010dastnili Dr. Andr\u00e1s Gelencs\u00e9r a Dr. Tam\u00e1s P\u00e1lv\u00f6lgyi pod moder\u00e1torsk\u00fdm veden\u00edm Dr. Andr\u00e1sa Tormu. Pre t\u00fdch, ktor\u00ed nemohli by\u0165 pr\u00edtomn\u00ed, je z\u00e1znam predn\u00e1\u0161ky dostupn\u00fd na tomto odkaze:<\/p>\n<p><strong>Kl\u00edmaexpo 2024 | Rozhovory o klimatick\u00fdch zmen\u00e1ch<\/strong><\/p>\n<p>Predn\u00e1\u0161ky odborn\u00e9ho d\u0148a s\u00fa dostupn\u00e9 online.<\/p>\n<p>V\u010faka tomuto programu mali partnersk\u00e9 mest\u00e1 mo\u017enos\u0165 vz\u00e1jomne sa in\u0161pirova\u0165 svojimi osved\u010den\u00fdmi postupmi. Rovnako aj \u0161irok\u00e1 verejnos\u0165 a odborn\u00edci z\u00edskali preh\u013ead o r\u00f4znych klimatick\u00fdch programoch. Na to nadv\u00e4zoval druh\u00fd de\u0148 workshopu, ktor\u00fd bol zameran\u00fd na biodiverzitu a komunitn\u00e9 z\u00e1hrady. Okrem z\u00e1stupcov partnersk\u00fdch miest sa workshopu z\u00fa\u010dastnilo aj miestne ob\u010dianske zdru\u017eenie Musz\u00e1j Egyes\u00fclet, ktor\u00e9ho ved\u00faci zdie\u013eal sk\u00fasenosti s komunitn\u00fdmi z\u00e1hradami.<\/p>\n<p>Z\u00e1ver druh\u00e9ho d\u0148a patril premietaniu \u00faspe\u0161n\u00e9ho dokument\u00e1rneho filmu \u201eTisza-t\u00f3 \u2013 \u013eudsk\u00fd raj\u201c, po ktorom nasledovala diskusia s jedn\u00fdm z autorov, Ljasukom Dimitrym. Te\u0161\u00ed n\u00e1s, \u017ee niektor\u00ed n\u00e1v\u0161tevn\u00edci pricestovali do Gy\u0151ru \u0161peci\u00e1lne kv\u00f4li tomuto programu.<\/p>\n<p>S\u00fabe\u017ene s odborn\u00fdmi programami prebiehali aj aktivity organizovan\u00e9 Arrabona EGTC, ktor\u00fdch sa z\u00fa\u010dastnili \u017eiaci zo \u0161k\u00f4l z okolia aj zo Slovenska. EGTC zabezpe\u010dilo bezplatn\u00fa dopravu a \u00fa\u010das\u0165 na programoch pre takmer 500 \u017eiakov.<\/p>\n<p>\u017diaci sa z\u00fa\u010dastnili aktiv\u00edt pod\u013ea predom stanoven\u00e9ho harmonogramu. Na st\u00e1nku Arrabona EGTC sa mohli zapoji\u0165 do hry s kockami EGTC, nau\u010di\u0165 sa o energeticky \u00fasporn\u00fdch dom\u00e1cnostiach prostredn\u00edctvom v\u00fdstavy \u00d6koh\u00e1l\u00f3 pozost\u00e1vaj\u00facej z deviatich rollupov a vyplni\u0165 s\u00favisiaci kv\u00edz. Predstavila sa aj region\u00e1lna spolo\u010densk\u00e1 hra Arrabona EGTC Bingo, ktor\u00e1 pribli\u017euje turistick\u00e9 atrakcie a hodnoty regi\u00f3nov Szigetk\u00f6z, Csall\u00f3k\u00f6z a Pannonhalma. \u017diaci mohli vidie\u0165 predstavenie Kaj\u00e1rp\u00e9ci V\u00edzirev\u00fc <em>Slzy d\u017eungle<\/em>, ktor\u00e9 bolo nielen pou\u010dn\u00e9, ale aj z\u00e1bavn\u00e9. V\u010faka F\u00fcles Csal\u00e1di M\u00e9h\u00e9szet spoznali \u017eivot v\u010diel, proces v\u00fdroby medu a ochutnali r\u00f4zne druhy produktov. T\u00ed, ktor\u00ed mali z\u00e1ujem, si mohli vyrobi\u0165 voskov\u00e9 obr\u00fasky, ktor\u00e9 s\u00fa ekologickou alternat\u00edvou k plastov\u00fdm f\u00f3li\u00e1m.<\/p>\n<p>Arrabona EGTC priv\u00edtalo aj Pannon Egyetem so svoj\u00edm programom <em>Dobrodru\u017estvo na zemi, vo vode a vo vzduchu<\/em>, ktor\u00fd de\u0165om hravou formou pribl\u00ed\u017eil udr\u017eate\u013enos\u0165.<\/p>\n<p>Odborn\u00e9 programy aj aktivity zameran\u00e9 na formovanie povedomia prebiehali \u00faspe\u0161ne. N\u00e1v\u0161tevn\u00edci odch\u00e1dzali s pozit\u00edvnymi sk\u00fasenos\u0165ami a v\u00e4\u010d\u0161ina z nich vyjadrila z\u00e1ujem z\u00fa\u010dastni\u0165 sa aj v bud\u00facom roku.<\/p>\n<p>Do bud\u00facnosti m\u00e1me u\u017e konkr\u00e9tne pl\u00e1ny. V roku 2025 chceme predstavi\u0165 Zelen\u00fd ambas\u00e1dorsk\u00fd syst\u00e9m Arrabona EGTC a inovat\u00edvne n\u00e1stroje na dosiahnutie cie\u013eov udr\u017eate\u013enosti. V roku 2026 bude d\u00f4raz kladen\u00fd na zelen\u00e9 invest\u00edcie.<\/p>\n","protected":false},"excerpt":{"rendered":"<p>IV. Kl\u00edma Expo Gy\u0151r sa uskuto\u010dnilo v d\u0148och 3. a\u017e 5. okt\u00f3bra 2024, kde sa Arrabona EGTC z\u00fa\u010dastnilo ako spoluorganiz\u00e1tor a zabezpe\u010dilo odborn\u00e9 programy, ich realiz\u00e1ciu a programy na formovanie environment\u00e1lneho povedomia. Arrabona EGTC sa nepredstavilo len ako organiz\u00e1tor, ale aj ako vystavovate\u013e po\u010das cel\u00e9ho trvania Expo. Na\u0161a organiz\u00e1cia zohrala v\u00fdznamn\u00fa \u00falohu v internacionaliz\u00e1cii podujatia [&hellip;]<\/p>\n","protected":false},"author":32,"featured_media":8073,"comment_status":"open","ping_status":"open","sticky":false,"template":"","format":"standard","meta":{"_acf_changed":false,"footnotes":""},"categories":[75],"tags":[],"class_list":["post-8071","post","type-post","status-publish","format-standard","has-post-thumbnail","hentry","category-arrabona-sk"],"acf":[],"amp_enabled":true,"_links":{"self":[{"href":"https:\/\/arrabona.eu\/sk\/wp-json\/wp\/v2\/posts\/8071","targetHints":{"allow":["GET"]}}],"collection":[{"href":"https:\/\/arrabona.eu\/sk\/wp-json\/wp\/v2\/posts"}],"about":[{"href":"https:\/\/arrabona.eu\/sk\/wp-json\/wp\/v2\/types\/post"}],"author":[{"embeddable":true,"href":"https:\/\/arrabona.eu\/sk\/wp-json\/wp\/v2\/users\/32"}],"replies":[{"embeddable":true,"href":"https:\/\/arrabona.eu\/sk\/wp-json\/wp\/v2\/comments?post=8071"}],"version-history":[{"count":0,"href":"https:\/\/arrabona.eu\/sk\/wp-json\/wp\/v2\/posts\/8071\/revisions"}],"wp:featuredmedia":[{"embeddable":true,"href":"https:\/\/arrabona.eu\/sk\/wp-json\/wp\/v2\/media\/8073"}],"wp:attachment":[{"href":"https:\/\/arrabona.eu\/sk\/wp-json\/wp\/v2\/media?parent=8071"}],"wp:term":[{"taxonomy":"category","embeddable":true,"href":"https:\/\/arrabona.eu\/sk\/wp-json\/wp\/v2\/categories?post=8071"},{"taxonomy":"post_tag","embeddable":true,"href":"https:\/\/arrabona.eu\/sk\/wp-json\/wp\/v2\/tags?post=8071"}],"curies":[{"name":"wp","href":"https:\/\/api.w.org\/{rel}","templated":true}]}}