{"id":8032,"date":"2024-10-07T14:53:29","date_gmt":"2024-10-07T13:53:29","guid":{"rendered":"https:\/\/arrabona.eu\/slavnostne-odovzdanie-investicie-na-modernizaciu-a-rozsirenie-cisticky-odpadovych-vod-v-kunszigete-a-jeho-okoli\/"},"modified":"2024-10-07T14:54:31","modified_gmt":"2024-10-07T13:54:31","slug":"slavnostne-odovzdanie-investicie-na-modernizaciu-a-rozsirenie-cisticky-odpadovych-vod-v-kunszigete-a-jeho-okoli","status":"publish","type":"post","link":"https:\/\/arrabona.eu\/sk\/slavnostne-odovzdanie-investicie-na-modernizaciu-a-rozsirenie-cisticky-odpadovych-vod-v-kunszigete-a-jeho-okoli\/","title":{"rendered":"Sl\u00e1vnostn\u00e9 odovzdanie invest\u00edcie na moderniz\u00e1ciu a roz\u0161\u00edrenie \u010disti\u010dky odpadov\u00fdch v\u00f4d v Kunszigete a jeho okol\u00ed"},"content":{"rendered":"<p><span data-contrast=\"auto\">D\u0148a 27. septembra 2024 sa za pr\u00edtomnosti Dr. Istv\u00e1na Nagya, ministra po\u013enohospod\u00e1rstva, sl\u00e1vnostne odovzdala invest\u00edcia na moderniz\u00e1ciu a roz\u0161\u00edrenie \u010disti\u010dky odpadov\u00fdch v\u00f4d nach\u00e1dzaj\u00facej sa v katastr\u00e1lnom \u00fazem\u00ed Kunsziget. Projekt bol realizovan\u00fd v r\u00e1mci v\u00fdzvy KEHOP-2.2.2-15 s n\u00e1zvom \u201eV\u00fdzva pre obce s povinnos\u0165ou rozvoja na realiz\u00e1ciu projektov s\u00favisiacich s odvod\u0148ovan\u00edm a spracovan\u00edm odpadov\u00fdch v\u00f4d\u201c.<\/span><span data-ccp-props=\"{&quot;134233117&quot;:false,&quot;134233118&quot;:false,&quot;201341983&quot;:0,&quot;335551550&quot;:0,&quot;335551620&quot;:0,&quot;335559738&quot;:240,&quot;335559739&quot;:240,&quot;335559740&quot;:259}\">\u00a0<\/span><\/p>\n<p><span data-contrast=\"auto\">PR a informa\u010dn\u00e9 \u00falohy spojen\u00e9 s projektom zabezpe\u010dila Arrabona EGTC v s\u00falade s komunikacn\u00fdm pl\u00e1nom, ktor\u00fd bol s\u00fa\u010das\u0165ou projektu, a dodr\u017eiavan\u00edm informa\u010dn\u00fdch povinnost\u00ed uveden\u00fdch vo v\u00fdzve.<\/span><span data-ccp-props=\"{&quot;134233117&quot;:false,&quot;134233118&quot;:false,&quot;201341983&quot;:0,&quot;335551550&quot;:0,&quot;335551620&quot;:0,&quot;335559738&quot;:240,&quot;335559739&quot;:240,&quot;335559740&quot;:259}\">\u00a0<\/span><\/p>\n<p><span data-contrast=\"auto\">Na z\u00e1vere\u010dnej akcii priv\u00edtala \u00fa\u010dastn\u00edkov pani starostka obce Kunsziget, Lendvai Iv\u00e1nn\u00e9. Vo svojom prejave pouk\u00e1zala na dlhodob\u00e9 dopady rozvoja a po\u010fakovala vl\u00e1de Ma\u010farska za pomoc, ako aj v\u0161etk\u00fdm, ktor\u00ed sa z\u00fa\u010dastnili na rozvoji.<\/span><span data-ccp-props=\"{&quot;134233117&quot;:false,&quot;134233118&quot;:false,&quot;201341983&quot;:0,&quot;335551550&quot;:0,&quot;335551620&quot;:0,&quot;335559738&quot;:240,&quot;335559739&quot;:240,&quot;335559740&quot;:259}\">\u00a0<\/span><\/p>\n<p><span data-contrast=\"auto\">Na podujat\u00ed organizovanom Arrabona EGTC predniesli prejavy Dr. Istv\u00e1n Nagy, minister po\u013enohospod\u00e1rstva; Zolt\u00e1n N\u00e9meth, predseda \u017eupy Gy\u0151r-Moson-Sopron; Otto Horv\u00e1th, gener\u00e1lny riadite\u013e Pannon-V\u00edz Zrt.; a Korn\u00e9l Csord\u00e1s, region\u00e1lny hlavn\u00fd in\u017einier Colas Alterra Zrt.<\/span><span data-ccp-props=\"{&quot;134233117&quot;:false,&quot;134233118&quot;:false,&quot;201341983&quot;:0,&quot;335551550&quot;:0,&quot;335551620&quot;:0,&quot;335559738&quot;:240,&quot;335559739&quot;:240,&quot;335559740&quot;:259}\">\u00a0<\/span><\/p>\n<p><span data-contrast=\"auto\">P\u00e1n N\u00e1ndor Csepreghy, \u0161t\u00e1tny tajomn\u00edk Ministerstva v\u00fdstavby a dopravy, zaslal list s gratul\u00e1ciou k \u00faspe\u0161n\u00e9mu realizovaniu projektu, pri\u010dom uviedol moderniz\u00e1ciu ako vzor pre bud\u00face invest\u00edcie, a to z h\u013eadiska ochrany \u017eivotn\u00e9ho prostredia a energetickej efekt\u00edvnosti.<\/span><span data-ccp-props=\"{&quot;134233117&quot;:false,&quot;134233118&quot;:false,&quot;201341983&quot;:0,&quot;335551550&quot;:0,&quot;335551620&quot;:0,&quot;335559738&quot;:240,&quot;335559739&quot;:240,&quot;335559740&quot;:259}\">\u00a0<\/span><\/p>\n<p><span data-contrast=\"auto\">Ako s\u00fa\u010das\u0165 sl\u00e1vnostn\u00e9ho odovzdania mali pozvan\u00ed hostia mo\u017enos\u0165 prezrie\u0165 si modernizovan\u00fd objekt pod veden\u00edm zamestnancov Pannon-V\u00edz Zrt.<\/span><span data-ccp-props=\"{&quot;134233117&quot;:false,&quot;134233118&quot;:false,&quot;201341983&quot;:0,&quot;335551550&quot;:0,&quot;335551620&quot;:0,&quot;335559738&quot;:240,&quot;335559739&quot;:240,&quot;335559740&quot;:259}\">\u00a0<\/span><\/p>\n<p><span data-contrast=\"auto\">V\u010faka 3,925 miliardy forintov vo forme nen\u00e1vratnej podpory sa rozvoj uskuto\u010dnil a \u010disti\u010dka je schopn\u00e1 obsl\u00fa\u017ei\u0165 zv\u00fd\u0161en\u00e9 po\u017eiadavky obyvate\u013estva v 9 dotknut\u00fdch obciach: Kunsziget, Dunaszeg, Dunaszentp\u00e1l, Gy\u0151rladam\u00e9r, Gy\u0151rz\u00e1moly, L\u00e9b\u00e9ny, Mecs\u00e9r, Mosonszentmikl\u00f3s a \u00d6ttev\u00e9ny. Dlhodob\u00e9 rie\u0161enie \u010distenia vzniknut\u00fdch odpadov\u00fdch v\u00f4d zabezpe\u010duje, \u017ee do Mosoni Dunaja bude pr\u00fadi\u0165 \u010dist\u00e1 voda sp\u013a\u0148aj\u00faca maxim\u00e1lne po\u017eiadavky na \u010distenie. \u00daspe\u0161n\u00e1 realiz\u00e1cia zabezpe\u010duje, \u017ee Ma\u010farsko spln\u00ed pr\u00e1vne po\u017eiadavky E\u00da a vytv\u00e1ra mo\u017enosti pre \u010fal\u0161\u00ed rozvoj.<\/span><span data-ccp-props=\"{&quot;134233117&quot;:false,&quot;134233118&quot;:false,&quot;201341983&quot;:0,&quot;335551550&quot;:0,&quot;335551620&quot;:0,&quot;335559738&quot;:240,&quot;335559739&quot;:240,&quot;335559740&quot;:259}\">\u00a0<\/span><\/p>\n<p><span data-contrast=\"auto\">T\u00edm Arrabona EGTC srde\u010dne gratuluje k \u00faspe\u0161nej realiz\u00e1cii projektu!<\/span><span data-ccp-props=\"{&quot;134233117&quot;:false,&quot;134233118&quot;:false,&quot;201341983&quot;:0,&quot;335551550&quot;:0,&quot;335551620&quot;:0,&quot;335559738&quot;:240,&quot;335559739&quot;:240,&quot;335559740&quot;:259}\">\u00a0<\/span><\/p>\n<p><img fetchpriority=\"high\" decoding=\"async\" class=\"alignnone size-medium wp-image-8034\" src=\"https:\/\/arrabona.eu\/wp-content\/uploads\/sites\/11\/2024\/10\/HD_240815_NM-0831-1-300x200.jpg\" alt=\"\" width=\"300\" height=\"200\" srcset=\"https:\/\/arrabona.eu\/wp-content\/uploads\/2024\/10\/HD_240815_NM-0831-1-300x200.jpg 300w, https:\/\/arrabona.eu\/wp-content\/uploads\/2024\/10\/HD_240815_NM-0831-1-1024x682.jpg 1024w, https:\/\/arrabona.eu\/wp-content\/uploads\/2024\/10\/HD_240815_NM-0831-1-768x512.jpg 768w, https:\/\/arrabona.eu\/wp-content\/uploads\/2024\/10\/HD_240815_NM-0831-1-391x260.jpg 391w, https:\/\/arrabona.eu\/wp-content\/uploads\/2024\/10\/HD_240815_NM-0831-1-1536x1023.jpg 1536w, https:\/\/arrabona.eu\/wp-content\/uploads\/2024\/10\/HD_240815_NM-0831-1-2048x1364.jpg 2048w\" sizes=\"(max-width: 300px) 100vw, 300px\" \/> <img decoding=\"async\" class=\"alignnone size-medium wp-image-8035\" src=\"https:\/\/arrabona.eu\/wp-content\/uploads\/sites\/11\/2024\/10\/DSC5838-1-300x200.jpg\" alt=\"\" width=\"300\" height=\"200\" srcset=\"https:\/\/arrabona.eu\/wp-content\/uploads\/2024\/10\/DSC5838-1-300x200.jpg 300w, https:\/\/arrabona.eu\/wp-content\/uploads\/2024\/10\/DSC5838-1-768x512.jpg 768w, https:\/\/arrabona.eu\/wp-content\/uploads\/2024\/10\/DSC5838-1-391x260.jpg 391w, https:\/\/arrabona.eu\/wp-content\/uploads\/2024\/10\/DSC5838-1.jpg 1024w\" sizes=\"(max-width: 300px) 100vw, 300px\" \/> <img decoding=\"async\" class=\"alignnone size-medium wp-image-8036\" src=\"https:\/\/arrabona.eu\/wp-content\/uploads\/sites\/11\/2024\/10\/DSC5830-1-300x200.jpg\" alt=\"\" width=\"300\" height=\"200\" srcset=\"https:\/\/arrabona.eu\/wp-content\/uploads\/2024\/10\/DSC5830-1-300x200.jpg 300w, https:\/\/arrabona.eu\/wp-content\/uploads\/2024\/10\/DSC5830-1-768x512.jpg 768w, https:\/\/arrabona.eu\/wp-content\/uploads\/2024\/10\/DSC5830-1-391x260.jpg 391w, https:\/\/arrabona.eu\/wp-content\/uploads\/2024\/10\/DSC5830-1.jpg 1024w\" sizes=\"(max-width: 300px) 100vw, 300px\" \/><\/p>\n","protected":false},"excerpt":{"rendered":"<p>D\u0148a 27. septembra 2024 sa za pr\u00edtomnosti Dr. Istv\u00e1na Nagya, ministra po\u013enohospod\u00e1rstva, sl\u00e1vnostne odovzdala invest\u00edcia na moderniz\u00e1ciu a roz\u0161\u00edrenie \u010disti\u010dky odpadov\u00fdch v\u00f4d nach\u00e1dzaj\u00facej sa v katastr\u00e1lnom \u00fazem\u00ed Kunsziget. Projekt bol realizovan\u00fd v r\u00e1mci v\u00fdzvy KEHOP-2.2.2-15 s n\u00e1zvom \u201eV\u00fdzva pre obce s povinnos\u0165ou rozvoja na realiz\u00e1ciu projektov s\u00favisiacich s odvod\u0148ovan\u00edm a spracovan\u00edm odpadov\u00fdch v\u00f4d\u201c.\u00a0 PR a [&hellip;]<\/p>\n","protected":false},"author":32,"featured_media":8033,"comment_status":"open","ping_status":"open","sticky":false,"template":"","format":"standard","meta":{"_acf_changed":false,"footnotes":""},"categories":[38],"tags":[],"class_list":["post-8032","post","type-post","status-publish","format-standard","has-post-thumbnail","hentry","category-uncategorized-sk"],"acf":[],"amp_enabled":true,"_links":{"self":[{"href":"https:\/\/arrabona.eu\/sk\/wp-json\/wp\/v2\/posts\/8032","targetHints":{"allow":["GET"]}}],"collection":[{"href":"https:\/\/arrabona.eu\/sk\/wp-json\/wp\/v2\/posts"}],"about":[{"href":"https:\/\/arrabona.eu\/sk\/wp-json\/wp\/v2\/types\/post"}],"author":[{"embeddable":true,"href":"https:\/\/arrabona.eu\/sk\/wp-json\/wp\/v2\/users\/32"}],"replies":[{"embeddable":true,"href":"https:\/\/arrabona.eu\/sk\/wp-json\/wp\/v2\/comments?post=8032"}],"version-history":[{"count":0,"href":"https:\/\/arrabona.eu\/sk\/wp-json\/wp\/v2\/posts\/8032\/revisions"}],"wp:featuredmedia":[{"embeddable":true,"href":"https:\/\/arrabona.eu\/sk\/wp-json\/wp\/v2\/media\/8033"}],"wp:attachment":[{"href":"https:\/\/arrabona.eu\/sk\/wp-json\/wp\/v2\/media?parent=8032"}],"wp:term":[{"taxonomy":"category","embeddable":true,"href":"https:\/\/arrabona.eu\/sk\/wp-json\/wp\/v2\/categories?post=8032"},{"taxonomy":"post_tag","embeddable":true,"href":"https:\/\/arrabona.eu\/sk\/wp-json\/wp\/v2\/tags?post=8032"}],"curies":[{"name":"wp","href":"https:\/\/api.w.org\/{rel}","templated":true}]}}