{"id":8017,"date":"2024-07-19T08:55:39","date_gmt":"2024-07-19T07:55:39","guid":{"rendered":"https:\/\/arrabona.eu\/iv-gyori-klima-expo-najvacsia-environmentalna-vystava-v-regione\/"},"modified":"2024-07-19T11:30:32","modified_gmt":"2024-07-19T10:30:32","slug":"iv-gyori-klima-expo-najvacsia-environmentalna-vystava-v-regione","status":"publish","type":"post","link":"https:\/\/arrabona.eu\/sk\/iv-gyori-klima-expo-najvacsia-environmentalna-vystava-v-regione\/","title":{"rendered":"IV. Gy\u0151ri Kl\u00edma Expo: Najv\u00e4\u010d\u0161ia environment\u00e1lna v\u00fdstava v regi\u00f3ne"},"content":{"rendered":"<p><b><span data-contrast=\"auto\">Za\u010diatok:<\/span><\/b><span data-contrast=\"auto\"> 3. okt\u00f3ber 2024, 9:00<\/span><br \/>\n<b><span data-contrast=\"auto\">Koniec:<\/span><\/b><span data-contrast=\"auto\"> 5. okt\u00f3ber 2024, 18:00<\/span><span data-ccp-props=\"{&quot;134233117&quot;:false,&quot;134233118&quot;:false,&quot;201341983&quot;:0,&quot;335551550&quot;:6,&quot;335551620&quot;:6,&quot;335559738&quot;:240,&quot;335559739&quot;:240,&quot;335559740&quot;:259}\">\u00a0<\/span><\/p>\n<p><span data-contrast=\"auto\">Od 3. do 5. okt\u00f3bra 2024 sa u\u017e po \u0161tvrt\u00fdkr\u00e1t uskuto\u010dn\u00ed najv\u00e4\u010d\u0161ia trojd\u0148ov\u00e1 v\u00fdstava o \u017eivotnom prostred\u00ed a udr\u017eate\u013enosti v regi\u00f3ne &#8211; IV. Gy\u0151ri Kl\u00edma EXPO. Na podujat\u00ed sa z\u00fa\u010dastnia a predstavia verejnosti podniky, zdru\u017eenia a organiz\u00e1cie, ktor\u00e9 sa venuj\u00fa ochrane \u017eivotn\u00e9ho prostredia, predstavuj\u00fac svoje najnov\u0161ie inov\u00e1cie a rie\u0161enia.<\/span><span data-ccp-props=\"{&quot;134233117&quot;:false,&quot;134233118&quot;:false,&quot;201341983&quot;:0,&quot;335551550&quot;:6,&quot;335551620&quot;:6,&quot;335559738&quot;:240,&quot;335559739&quot;:240,&quot;335559740&quot;:259}\">\u00a0<\/span><\/p>\n<p><span data-contrast=\"auto\">Program trojd\u0148ov\u00e9ho podujatia:<\/span><span data-ccp-props=\"{&quot;134233117&quot;:false,&quot;134233118&quot;:false,&quot;201341983&quot;:0,&quot;335551550&quot;:6,&quot;335551620&quot;:6,&quot;335559738&quot;:240,&quot;335559739&quot;:240,&quot;335559740&quot;:259}\">\u00a0<\/span><\/p>\n<ul>\n<li data-leveltext=\"\uf0b7\" data-font=\"Symbol\" data-listid=\"1\" data-list-defn-props=\"{&quot;335552541&quot;:1,&quot;335559685&quot;:720,&quot;335559991&quot;:360,&quot;469769226&quot;:&quot;Symbol&quot;,&quot;469769242&quot;:[8226],&quot;469777803&quot;:&quot;left&quot;,&quot;469777804&quot;:&quot;\uf0b7&quot;,&quot;469777815&quot;:&quot;hybridMultilevel&quot;}\" data-aria-posinset=\"4\" data-aria-level=\"1\"><b><span data-contrast=\"auto\">3. okt\u00f3bra &#8211; Odborn\u00fd de\u0148:<\/span><\/b><span data-contrast=\"auto\"> Predn\u00e1\u0161ky o udr\u017eate\u013enom z\u00e1hradn\u00edctve, rie\u0161eniach \u0161etriacich vodu a vplyve klimatick\u00fdch zmien na ekosyst\u00e9my.<\/span><span data-ccp-props=\"{&quot;134233117&quot;:false,&quot;134233118&quot;:false,&quot;201341983&quot;:0,&quot;335551550&quot;:6,&quot;335551620&quot;:6,&quot;335559738&quot;:0,&quot;335559739&quot;:0,&quot;335559740&quot;:259}\">\u00a0<\/span><\/li>\n<\/ul>\n<ul>\n<li data-leveltext=\"\uf0b7\" data-font=\"Symbol\" data-listid=\"1\" data-list-defn-props=\"{&quot;335552541&quot;:1,&quot;335559685&quot;:720,&quot;335559991&quot;:360,&quot;469769226&quot;:&quot;Symbol&quot;,&quot;469769242&quot;:[8226],&quot;469777803&quot;:&quot;left&quot;,&quot;469777804&quot;:&quot;\uf0b7&quot;,&quot;469777815&quot;:&quot;hybridMultilevel&quot;}\" data-aria-posinset=\"5\" data-aria-level=\"1\"><b><span data-contrast=\"auto\">4. okt\u00f3bra &#8211; Svetov\u00fd de\u0148 zvierat:<\/span><\/b><span data-contrast=\"auto\"> V centre pozornosti bude zodpovedn\u00e9 chovanie zvierat.<\/span><span data-ccp-props=\"{&quot;134233117&quot;:false,&quot;134233118&quot;:false,&quot;201341983&quot;:0,&quot;335551550&quot;:6,&quot;335551620&quot;:6,&quot;335559738&quot;:0,&quot;335559739&quot;:0,&quot;335559740&quot;:259}\">\u00a0<\/span><\/li>\n<\/ul>\n<ul>\n<li data-leveltext=\"\uf0b7\" data-font=\"Symbol\" data-listid=\"1\" data-list-defn-props=\"{&quot;335552541&quot;:1,&quot;335559685&quot;:720,&quot;335559991&quot;:360,&quot;469769226&quot;:&quot;Symbol&quot;,&quot;469769242&quot;:[8226],&quot;469777803&quot;:&quot;left&quot;,&quot;469777804&quot;:&quot;\uf0b7&quot;,&quot;469777815&quot;:&quot;hybridMultilevel&quot;}\" data-aria-posinset=\"6\" data-aria-level=\"1\"><b><span data-contrast=\"auto\">5. okt\u00f3bra &#8211; III. Gy\u0151ri Z\u00f6ld Beh:<\/span><\/b><span data-contrast=\"auto\"> Milovn\u00edci behu m\u00f4\u017eu s\u00fa\u0165a\u017ei\u0165 v zelenom prostred\u00ed.<\/span><span data-ccp-props=\"{&quot;134233117&quot;:false,&quot;134233118&quot;:false,&quot;201341983&quot;:0,&quot;335551550&quot;:6,&quot;335551620&quot;:6,&quot;335559738&quot;:0,&quot;335559739&quot;:0,&quot;335559740&quot;:259}\">\u00a0<\/span><\/li>\n<\/ul>\n<p><span data-contrast=\"auto\">S rados\u0165ou priv\u00edtame v\u0161etk\u00fdch, ktor\u00ed sa chc\u00fa dozvedie\u0165 viac o ochrane \u017eivotn\u00e9ho prostredia a udr\u017eate\u013enosti, stretn\u00fa\u0165 sa s odborn\u00edkmi v tejto oblasti a z\u00fa\u010dastni\u0165 sa na na\u0161ich zauj\u00edmav\u00fdch programoch.<\/span><span data-ccp-props=\"{&quot;134233117&quot;:false,&quot;134233118&quot;:false,&quot;201341983&quot;:0,&quot;335551550&quot;:6,&quot;335551620&quot;:6,&quot;335559738&quot;:240,&quot;335559739&quot;:240,&quot;335559740&quot;:259}\">\u00a0<\/span><\/p>\n","protected":false},"excerpt":{"rendered":"<p>Za\u010diatok: 3. okt\u00f3ber 2024, 9:00 Koniec: 5. okt\u00f3ber 2024, 18:00\u00a0 Od 3. do 5. okt\u00f3bra 2024 sa u\u017e po \u0161tvrt\u00fdkr\u00e1t uskuto\u010dn\u00ed najv\u00e4\u010d\u0161ia trojd\u0148ov\u00e1 v\u00fdstava o \u017eivotnom prostred\u00ed a udr\u017eate\u013enosti v regi\u00f3ne &#8211; IV. Gy\u0151ri Kl\u00edma EXPO. Na podujat\u00ed sa z\u00fa\u010dastnia a predstavia verejnosti podniky, zdru\u017eenia a organiz\u00e1cie, ktor\u00e9 sa venuj\u00fa ochrane \u017eivotn\u00e9ho prostredia, predstavuj\u00fac svoje [&hellip;]<\/p>\n","protected":false},"author":32,"featured_media":8019,"comment_status":"open","ping_status":"open","sticky":false,"template":"","format":"standard","meta":{"_acf_changed":false,"footnotes":""},"categories":[38],"tags":[],"class_list":["post-8017","post","type-post","status-publish","format-standard","has-post-thumbnail","hentry","category-uncategorized-sk"],"acf":[],"amp_enabled":true,"_links":{"self":[{"href":"https:\/\/arrabona.eu\/sk\/wp-json\/wp\/v2\/posts\/8017","targetHints":{"allow":["GET"]}}],"collection":[{"href":"https:\/\/arrabona.eu\/sk\/wp-json\/wp\/v2\/posts"}],"about":[{"href":"https:\/\/arrabona.eu\/sk\/wp-json\/wp\/v2\/types\/post"}],"author":[{"embeddable":true,"href":"https:\/\/arrabona.eu\/sk\/wp-json\/wp\/v2\/users\/32"}],"replies":[{"embeddable":true,"href":"https:\/\/arrabona.eu\/sk\/wp-json\/wp\/v2\/comments?post=8017"}],"version-history":[{"count":0,"href":"https:\/\/arrabona.eu\/sk\/wp-json\/wp\/v2\/posts\/8017\/revisions"}],"wp:featuredmedia":[{"embeddable":true,"href":"https:\/\/arrabona.eu\/sk\/wp-json\/wp\/v2\/media\/8019"}],"wp:attachment":[{"href":"https:\/\/arrabona.eu\/sk\/wp-json\/wp\/v2\/media?parent=8017"}],"wp:term":[{"taxonomy":"category","embeddable":true,"href":"https:\/\/arrabona.eu\/sk\/wp-json\/wp\/v2\/categories?post=8017"},{"taxonomy":"post_tag","embeddable":true,"href":"https:\/\/arrabona.eu\/sk\/wp-json\/wp\/v2\/tags?post=8017"}],"curies":[{"name":"wp","href":"https:\/\/api.w.org\/{rel}","templated":true}]}}