{"id":8006,"date":"2024-07-11T13:35:48","date_gmt":"2024-07-11T12:35:48","guid":{"rendered":"https:\/\/arrabona.eu\/slavnostne-otvorenie-aktivneho-turistickeho-vstupno-vystupneho-bodu-v-dunakiliti\/"},"modified":"2024-07-11T16:35:31","modified_gmt":"2024-07-11T15:35:31","slug":"slavnostne-otvorenie-aktivneho-turistickeho-vstupno-vystupneho-bodu-v-dunakiliti","status":"publish","type":"post","link":"https:\/\/arrabona.eu\/sk\/slavnostne-otvorenie-aktivneho-turistickeho-vstupno-vystupneho-bodu-v-dunakiliti\/","title":{"rendered":"Sl\u00e1vnostn\u00e9 otvorenie akt\u00edvneho turistick\u00e9ho vstupno-v\u00fdstupn\u00e9ho bodu v Dunakiliti"},"content":{"rendered":"<p>D\u0148a 29. j\u00fana 2024 za \u00fa\u010dasti ministra po\u013enohospod\u00e1rstva Dr. Istv\u00e1na Nagya sl\u00e1vnostne otvorili akt\u00edvny turistick\u00fd vstupno-v\u00fdstupn\u00fd bod, ktor\u00fd bol vytvoren\u00fd v spolupr\u00e1ci Obecn\u00e9ho \u00faradu Dunakiliti a Arrabona EGTC. Projekt sa realizoval v r\u00e1mci v\u00fdzvy s k\u00f3dom TOP_PLUSZ-1.1.3-21 s n\u00e1zvom \u201eMiestny a region\u00e1lny rozvoj cestovn\u00e9ho ruchu\u201c a z\u00edskal podporu vo v\u00fd\u0161ke 39,6 mili\u00f3na forintov, doplnen\u00fa o 7,4 mili\u00f3na forintov z vlastn\u00fdch zdrojov obce.<\/p>\n<p>Nov\u00fd vstupno-v\u00fdstupn\u00fd bod bol vybudovan\u00fd na mieste, kde sa stret\u00e1va Z\u00e1tonyi-Dunaj pretekaj\u00faci cez Dunakiliti a ulica Gy\u00fcm\u00f6lcs\u00f6s. Po\u010das invest\u00edcie bola vytvoren\u00e1 otvoren\u00e1 spolo\u010densk\u00e1 z\u00f3na, toalety pre mu\u017eov, \u017eeny a osoby so zdravotn\u00fdm postihnut\u00edm, uzavret\u00fd skladovac\u00ed priestor a sprcha. V\u00fdvoj prim\u00e1rne sl\u00fa\u017ei potreb\u00e1m vodn\u00fdch turistov, ale aj cyklistom a chodcom poskytuje v\u00fdborn\u00e9 mo\u017enosti na oddych a mo\u017enos\u0165 zmeni\u0165 dopravn\u00fd prostriedok.<\/p>\n<p>Projekt pripravil a mana\u017eoval spolo\u010dnos\u0165 Arrabona EGTC.<\/p>\n","protected":false},"excerpt":{"rendered":"<p>D\u0148a 29. j\u00fana 2024 za \u00fa\u010dasti ministra po\u013enohospod\u00e1rstva Dr. Istv\u00e1na Nagya sl\u00e1vnostne otvorili akt\u00edvny turistick\u00fd vstupno-v\u00fdstupn\u00fd bod, ktor\u00fd bol vytvoren\u00fd v spolupr\u00e1ci Obecn\u00e9ho \u00faradu Dunakiliti a Arrabona EGTC. Projekt sa realizoval v r\u00e1mci v\u00fdzvy s k\u00f3dom TOP_PLUSZ-1.1.3-21 s n\u00e1zvom \u201eMiestny a region\u00e1lny rozvoj cestovn\u00e9ho ruchu\u201c a z\u00edskal podporu vo v\u00fd\u0161ke 39,6 mili\u00f3na forintov, doplnen\u00fa o [&hellip;]<\/p>\n","protected":false},"author":32,"featured_media":8008,"comment_status":"open","ping_status":"open","sticky":false,"template":"","format":"standard","meta":{"_acf_changed":false,"footnotes":""},"categories":[38],"tags":[],"class_list":["post-8006","post","type-post","status-publish","format-standard","has-post-thumbnail","hentry","category-uncategorized-sk"],"acf":[],"amp_enabled":true,"_links":{"self":[{"href":"https:\/\/arrabona.eu\/sk\/wp-json\/wp\/v2\/posts\/8006","targetHints":{"allow":["GET"]}}],"collection":[{"href":"https:\/\/arrabona.eu\/sk\/wp-json\/wp\/v2\/posts"}],"about":[{"href":"https:\/\/arrabona.eu\/sk\/wp-json\/wp\/v2\/types\/post"}],"author":[{"embeddable":true,"href":"https:\/\/arrabona.eu\/sk\/wp-json\/wp\/v2\/users\/32"}],"replies":[{"embeddable":true,"href":"https:\/\/arrabona.eu\/sk\/wp-json\/wp\/v2\/comments?post=8006"}],"version-history":[{"count":0,"href":"https:\/\/arrabona.eu\/sk\/wp-json\/wp\/v2\/posts\/8006\/revisions"}],"wp:featuredmedia":[{"embeddable":true,"href":"https:\/\/arrabona.eu\/sk\/wp-json\/wp\/v2\/media\/8008"}],"wp:attachment":[{"href":"https:\/\/arrabona.eu\/sk\/wp-json\/wp\/v2\/media?parent=8006"}],"wp:term":[{"taxonomy":"category","embeddable":true,"href":"https:\/\/arrabona.eu\/sk\/wp-json\/wp\/v2\/categories?post=8006"},{"taxonomy":"post_tag","embeddable":true,"href":"https:\/\/arrabona.eu\/sk\/wp-json\/wp\/v2\/tags?post=8006"}],"curies":[{"name":"wp","href":"https:\/\/api.w.org\/{rel}","templated":true}]}}