{"id":7995,"date":"2024-06-27T10:13:52","date_gmt":"2024-06-27T09:13:52","guid":{"rendered":"https:\/\/arrabona.eu\/stretnutie-madarskych-ett-v-kospallagu-sustredene-na-udrzatelnost-a-inovacie\/"},"modified":"2024-06-27T10:14:14","modified_gmt":"2024-06-27T09:14:14","slug":"stretnutie-madarskych-ett-v-kospallagu-sustredene-na-udrzatelnost-a-inovacie","status":"publish","type":"post","link":"https:\/\/arrabona.eu\/sk\/stretnutie-madarskych-ett-v-kospallagu-sustredene-na-udrzatelnost-a-inovacie\/","title":{"rendered":"Stretnutie ma\u010farsk\u00fdch ETT v K\u00f3spallagu: S\u00fastreden\u00e9 na udr\u017eate\u013enos\u0165 a inov\u00e1cie"},"content":{"rendered":"<p>Ma\u010farsk\u00fa diel\u0148u ETT uskuto\u010dnili 18. a 19. j\u00fana 2024 v Hoteli Szent Orb\u00e1n v K\u00f3spallagu, ktor\u00fa zorganizoval Ministerstvo zahrani\u010dn\u00fdch vec\u00ed a obchodu.<br \/>\nPodujatie otvoril Bal\u00e1zs Loppert, ved\u00faci refer\u00e1tu Pre region\u00e1lne a pohrani\u010dn\u00e9 rozvoje, a potom Attila Pol\u00e1k, projektov\u00fd mana\u017e\u00e9r Pontibus ETT, predstavil rozvojov\u00e9 aktivity v r\u00e1mci pracovn\u00e9ho pl\u00e1nu RE-START pre zamestnanos\u0165. Po\u010das programu prebiehali odborn\u00e9 predn\u00e1\u0161ky, vr\u00e1tane prezent\u00e1ci\u00ed Ir\u00e9n M\u00e1rta o prechode ekonomiky na cirkul\u00e1rnu ekonomiku a Anity Petrucz o \u00falohe energetick\u00fdch agent\u00far.<br \/>\nDruh\u00fd de\u0148 Katalin Fekete, pr\u00e1vna expertka CESCI, sp\u00e1jala t\u00e9my diskutovan\u00e9 v predch\u00e1dzaj\u00facich d\u0148och so odborn\u00fdm programom a zd\u00f4raz\u0148ovala d\u00f4le\u017eitos\u0165 flexibility a inova\u010dnej \u00falohy ETT. Udalos\u0165 uzavrela Gabriella Solymosi-Dobi, kabinetn\u00e1 poradky\u0148a Pre region\u00e1lny a pohrani\u010dn\u00fd rozvoj, s koordina\u010dn\u00fdmi inform\u00e1ciami.<br \/>\nMedzi hlavn\u00e9 t\u00e9my stretnutia patrili spustenie Eur\u00f3pskej pohrani\u010dnej platformy a pl\u00e1novan\u00fd podujatia Art of Cooperation v novembri, ktor\u00e9 bude venovan\u00e9 pohrani\u010dnej spolupr\u00e1ci.<\/p>\n","protected":false},"excerpt":{"rendered":"<p>Ma\u010farsk\u00fa diel\u0148u ETT uskuto\u010dnili 18. a 19. j\u00fana 2024 v Hoteli Szent Orb\u00e1n v K\u00f3spallagu, ktor\u00fa zorganizoval Ministerstvo zahrani\u010dn\u00fdch vec\u00ed a obchodu. Podujatie otvoril Bal\u00e1zs Loppert, ved\u00faci refer\u00e1tu Pre region\u00e1lne a pohrani\u010dn\u00e9 rozvoje, a potom Attila Pol\u00e1k, projektov\u00fd mana\u017e\u00e9r Pontibus ETT, predstavil rozvojov\u00e9 aktivity v r\u00e1mci pracovn\u00e9ho pl\u00e1nu RE-START pre zamestnanos\u0165. Po\u010das programu prebiehali odborn\u00e9 [&hellip;]<\/p>\n","protected":false},"author":32,"featured_media":7996,"comment_status":"open","ping_status":"open","sticky":false,"template":"","format":"standard","meta":{"_acf_changed":false,"footnotes":""},"categories":[75],"tags":[],"class_list":["post-7995","post","type-post","status-publish","format-standard","has-post-thumbnail","hentry","category-arrabona-sk"],"acf":[],"amp_enabled":true,"_links":{"self":[{"href":"https:\/\/arrabona.eu\/sk\/wp-json\/wp\/v2\/posts\/7995","targetHints":{"allow":["GET"]}}],"collection":[{"href":"https:\/\/arrabona.eu\/sk\/wp-json\/wp\/v2\/posts"}],"about":[{"href":"https:\/\/arrabona.eu\/sk\/wp-json\/wp\/v2\/types\/post"}],"author":[{"embeddable":true,"href":"https:\/\/arrabona.eu\/sk\/wp-json\/wp\/v2\/users\/32"}],"replies":[{"embeddable":true,"href":"https:\/\/arrabona.eu\/sk\/wp-json\/wp\/v2\/comments?post=7995"}],"version-history":[{"count":0,"href":"https:\/\/arrabona.eu\/sk\/wp-json\/wp\/v2\/posts\/7995\/revisions"}],"wp:featuredmedia":[{"embeddable":true,"href":"https:\/\/arrabona.eu\/sk\/wp-json\/wp\/v2\/media\/7996"}],"wp:attachment":[{"href":"https:\/\/arrabona.eu\/sk\/wp-json\/wp\/v2\/media?parent=7995"}],"wp:term":[{"taxonomy":"category","embeddable":true,"href":"https:\/\/arrabona.eu\/sk\/wp-json\/wp\/v2\/categories?post=7995"},{"taxonomy":"post_tag","embeddable":true,"href":"https:\/\/arrabona.eu\/sk\/wp-json\/wp\/v2\/tags?post=7995"}],"curies":[{"name":"wp","href":"https:\/\/api.w.org\/{rel}","templated":true}]}}