{"id":7970,"date":"2024-05-30T09:59:34","date_gmt":"2024-05-30T08:59:34","guid":{"rendered":"https:\/\/arrabona.eu\/riadne-rocne-valne-zhromazdenie-a-odborne-forum-v-mosonmagyarovari-arrabona-ezus-sa-rozsirilo-o-noveho-clena\/"},"modified":"2024-05-30T10:00:49","modified_gmt":"2024-05-30T09:00:49","slug":"riadne-rocne-valne-zhromazdenie-a-odborne-forum-v-mosonmagyarovari-arrabona-ezus-sa-rozsirilo-o-noveho-clena","status":"publish","type":"post","link":"https:\/\/arrabona.eu\/sk\/riadne-rocne-valne-zhromazdenie-a-odborne-forum-v-mosonmagyarovari-arrabona-ezus-sa-rozsirilo-o-noveho-clena\/","title":{"rendered":"Riadne ro\u010dn\u00e9 valn\u00e9 zhroma\u017edenie a odborn\u00e9 f\u00f3rum v Mosonmagyar\u00f3v\u00e1ri &#8211; Arrabona EZUS  sa roz\u0161\u00edrilo o nov\u00e9ho \u010dlena"},"content":{"rendered":"<p><span class=\"TextRun Highlight SCXW130869015 BCX0\" lang=\"SK-SK\" xml:lang=\"SK-SK\" data-contrast=\"none\"><span class=\"NormalTextRun SCXW130869015 BCX0\">D\u0148a 22. m\u00e1ja 2024 sme usporiadali na\u0161e riadne ro\u010dn\u00e9 valn\u00e9 zhroma\u017edenie, ktor\u00e9 sa tento rok mimoriadne konalo v jednom z na\u0161ich zakladaj\u00facich miest, v <\/span><span class=\"NormalTextRun SpellingErrorV2Themed SCXW130869015 BCX0\">Mosonmagyar\u00f3v\u00e1ri<\/span><span class=\"NormalTextRun SCXW130869015 BCX0\">.<\/span><\/span><span class=\"LineBreakBlob BlobObject DragDrop SCXW130869015 BCX0\"><span class=\"SCXW130869015 BCX0\">\u00a0<\/span><br class=\"SCXW130869015 BCX0\" \/><\/span><span class=\"TextRun Highlight SCXW130869015 BCX0\" lang=\"SK-SK\" xml:lang=\"SK-SK\" data-contrast=\"none\"><span class=\"NormalTextRun SCXW130869015 BCX0\">N\u00e1\u0161 zv\u00e4z sa roz\u0161\u00edril o \u010fal\u0161iu obec zo Slovenska; k zoskupeniu sa pripojila obec \u0147\u00e1rad, zn\u00e1ma aj ako <\/span><span class=\"NormalTextRun SpellingErrorV2Themed SCXW130869015 BCX0\">Csilizny\u00e1rad<\/span><span class=\"NormalTextRun SCXW130869015 BCX0\">.<\/span><\/span><span class=\"LineBreakBlob BlobObject DragDrop SCXW130869015 BCX0\"><span class=\"SCXW130869015 BCX0\">\u00a0<\/span><br class=\"SCXW130869015 BCX0\" \/><\/span><span class=\"TextRun Highlight SCXW130869015 BCX0\" lang=\"SK-SK\" xml:lang=\"SK-SK\" data-contrast=\"none\"><span class=\"NormalTextRun SCXW130869015 BCX0\">Na\u0161e valn\u00e9 zhroma\u017edenie a n\u00e1sledn\u00e9 odborn\u00e9 f\u00f3rum poctili svojou pr\u00edtomnos\u0165ou aj p\u00e1n <\/span><span class=\"NormalTextRun SpellingErrorV2Themed SCXW130869015 BCX0\">J\u00f3zsef<\/span> <span class=\"NormalTextRun SpellingErrorV2Themed SCXW130869015 BCX0\">Ber\u00e9nyi<\/span><span class=\"NormalTextRun SCXW130869015 BCX0\">, podpredseda Trnavsk\u00e9ho samospr\u00e1vneho kraja, a p\u00e1n <\/span><span class=\"NormalTextRun SpellingErrorV2Themed SCXW130869015 BCX0\">S\u00e1ndor<\/span> <span class=\"NormalTextRun SpellingErrorV2Themed SCXW130869015 BCX0\">Sz\u00e9les<\/span><span class=\"NormalTextRun SCXW130869015 BCX0\">, hlavn\u00fd \u017eupan, ved\u00faci \u00faradu vl\u00e1dy Gy\u0151r-<\/span><span class=\"NormalTextRun SpellingErrorV2Themed SCXW130869015 BCX0\">Moson<\/span><span class=\"NormalTextRun SCXW130869015 BCX0\">&#8211;<\/span><span class=\"NormalTextRun SpellingErrorV2Themed SCXW130869015 BCX0\">Sopron<\/span><span class=\"NormalTextRun SCXW130869015 BCX0\">.<\/span><\/span><span class=\"LineBreakBlob BlobObject DragDrop SCXW130869015 BCX0\"><span class=\"SCXW130869015 BCX0\">\u00a0<\/span><br class=\"SCXW130869015 BCX0\" \/><\/span><span class=\"TextRun Highlight SCXW130869015 BCX0\" lang=\"SK-SK\" xml:lang=\"SK-SK\" data-contrast=\"none\"><span class=\"NormalTextRun SCXW130869015 BCX0\">Z ved\u00facich predstavite\u013eov 43 \u010dlensk\u00fdch obc\u00ed <\/span><span class=\"NormalTextRun SpellingErrorV2Themed SCXW130869015 BCX0\">Arrabona<\/span> <span class=\"NormalTextRun SCXW130869015 BCX0\">EZUS<\/span><span class=\"NormalTextRun SCXW130869015 BCX0\"> traja op\u00fa\u0161\u0165aj\u00fa svoje starostovsk\u00e9 poz\u00edcie a odch\u00e1dzaj\u00fa do d\u00f4chodku, tak\u017ee v r\u00e1mci valn\u00e9ho zhroma\u017edenia \u010dlenovia Predsedn\u00edctva po\u010fakovali za doteraj\u0161iu spolupr\u00e1cu v mene organiz\u00e1cie a za\u017eelali v\u0161etko dobr\u00e9 do d\u00f4chodkov\u00fdch rokov.<\/span><\/span><span class=\"EOP SCXW130869015 BCX0\" data-ccp-props=\"{}\">\u00a0<\/span><\/p>\n","protected":false},"excerpt":{"rendered":"<p>D\u0148a 22. m\u00e1ja 2024 sme usporiadali na\u0161e riadne ro\u010dn\u00e9 valn\u00e9 zhroma\u017edenie, ktor\u00e9 sa tento rok mimoriadne konalo v jednom z na\u0161ich zakladaj\u00facich miest, v Mosonmagyar\u00f3v\u00e1ri.\u00a0N\u00e1\u0161 zv\u00e4z sa roz\u0161\u00edril o \u010fal\u0161iu obec zo Slovenska; k zoskupeniu sa pripojila obec \u0147\u00e1rad, zn\u00e1ma aj ako Csilizny\u00e1rad.\u00a0Na\u0161e valn\u00e9 zhroma\u017edenie a n\u00e1sledn\u00e9 odborn\u00e9 f\u00f3rum poctili svojou pr\u00edtomnos\u0165ou aj p\u00e1n J\u00f3zsef [&hellip;]<\/p>\n","protected":false},"author":32,"featured_media":7971,"comment_status":"open","ping_status":"open","sticky":false,"template":"","format":"standard","meta":{"_acf_changed":false,"footnotes":""},"categories":[75,38],"tags":[],"class_list":["post-7970","post","type-post","status-publish","format-standard","has-post-thumbnail","hentry","category-arrabona-sk","category-uncategorized-sk"],"acf":[],"amp_enabled":true,"_links":{"self":[{"href":"https:\/\/arrabona.eu\/sk\/wp-json\/wp\/v2\/posts\/7970","targetHints":{"allow":["GET"]}}],"collection":[{"href":"https:\/\/arrabona.eu\/sk\/wp-json\/wp\/v2\/posts"}],"about":[{"href":"https:\/\/arrabona.eu\/sk\/wp-json\/wp\/v2\/types\/post"}],"author":[{"embeddable":true,"href":"https:\/\/arrabona.eu\/sk\/wp-json\/wp\/v2\/users\/32"}],"replies":[{"embeddable":true,"href":"https:\/\/arrabona.eu\/sk\/wp-json\/wp\/v2\/comments?post=7970"}],"version-history":[{"count":0,"href":"https:\/\/arrabona.eu\/sk\/wp-json\/wp\/v2\/posts\/7970\/revisions"}],"wp:featuredmedia":[{"embeddable":true,"href":"https:\/\/arrabona.eu\/sk\/wp-json\/wp\/v2\/media\/7971"}],"wp:attachment":[{"href":"https:\/\/arrabona.eu\/sk\/wp-json\/wp\/v2\/media?parent=7970"}],"wp:term":[{"taxonomy":"category","embeddable":true,"href":"https:\/\/arrabona.eu\/sk\/wp-json\/wp\/v2\/categories?post=7970"},{"taxonomy":"post_tag","embeddable":true,"href":"https:\/\/arrabona.eu\/sk\/wp-json\/wp\/v2\/tags?post=7970"}],"curies":[{"name":"wp","href":"https:\/\/api.w.org\/{rel}","templated":true}]}}