{"id":7942,"date":"2024-02-01T12:00:19","date_gmt":"2024-02-01T12:00:19","guid":{"rendered":"https:\/\/arrabona.eu\/pravna-dostupnost-slovensko-madarskeho-pohranicia\/"},"modified":"2024-02-01T12:02:46","modified_gmt":"2024-02-01T12:02:46","slug":"pravna-dostupnost-slovensko-madarskeho-pohranicia","status":"publish","type":"post","link":"https:\/\/arrabona.eu\/sk\/pravna-dostupnost-slovensko-madarskeho-pohranicia\/","title":{"rendered":"Pr\u00e1vna dostupnos\u0165 slovensko-ma\u010farsk\u00e9ho pohrani\u010dia"},"content":{"rendered":"<p>D\u0148a 25. janu\u00e1ra 2024 sa v Gy\u0151ri uskuto\u010dnil prv\u00fd workshop strategick\u00e9ho projektu <strong>&#8222;Podpora pr\u00e1vnej dostupnosti na slovensko-ma\u010farskej hranici&#8220; (ACCES),<\/strong> ktor\u00fd organizuje CESCI (Stredoeur\u00f3pska podporn\u00e1 slu\u017eba pre cezhrani\u010dn\u00e9 iniciat\u00edvy) v spolupr\u00e1ci s EZ\u00daS Arrabona.<\/p>\n<p>Po\u010das podujatia pracovn\u00edci CESCI predstavili hlavn\u00e9 v\u00fdsledky doteraz vykonan\u00fdch v\u00fdskumn\u00fdch pr\u00e1c. \u00da\u010dastn\u00edci z mestsk\u00e9ho regi\u00f3nu Gy\u0151r boli z\u00e1rove\u0148 vyzvan\u00ed, aby tieto v\u00fdsledky roz\u0161\u00edrili a spresnili. Na prvom workshope sa z\u00fa\u010dastnili starostovia dotknut\u00fdch funk\u010dn\u00fdch mestsk\u00fdch aglomer\u00e1ci\u00ed, najm\u00e4 z cezhrani\u010dn\u00fdch a prihrani\u010dn\u00fdch oblast\u00ed. T\u00ed, ktor\u00ed maj\u00fa komplexn\u00fd obraz o probl\u00e9moch a mo\u017enostiach cezhrani\u010dnej funk\u010dnej mobility vo svojej obci.<\/p>\n<p>\u00da\u010dastn\u00edci najprv diskutovali o vymedzen\u00ed dotknut\u00e9ho \u00fazemia: o ve\u013ekosti sp\u00e1dov\u00e9ho \u00fazemia mesta Gy\u0151r, a to v r\u00e1mci hranice aj mimo nej. Ur\u010dili tie\u017e funkcie, pri ktor\u00fdch by mohli vznikn\u00fa\u0165 pr\u00edpadn\u00e9 pr\u00e1vne alebo administrat\u00edvne prek\u00e1\u017eky. Napr\u00edklad: doch\u00e1dzanie za pr\u00e1cou a domovom, mobilita za vzdelan\u00edm, mobilita za zdrav\u00edm, cestovn\u00fd ruch, kult\u00fara, obchod, a v niektor\u00fdch pr\u00edpadoch boli navrhnut\u00e9 rie\u0161enia.<\/p>\n<p>EZ\u00daS Arrabona, ktor\u00fd m\u00e1 ma\u010farsk\u00fdch a slovensk\u00fdch \u010dlenov, predstavil svoje \u00falohy, projekty a rozvojov\u00e9 z\u00e1mery, ktor\u00e9 sa u\u017e teraz sna\u017eia zbl\u00ed\u017ei\u0165 pohrani\u010dn\u00e9 komunity napriek existuj\u00facim prek\u00e1\u017ekam.<\/p>\n<p>Na z\u00e1ver stretnutia boli \u00fa\u010dastn\u00edci pozvan\u00ed na nasleduj\u00face workshopy s cie\u013eom ur\u010di\u0165, ktor\u00e9 organiz\u00e1cie s\u00fa najviac postihnut\u00e9 pr\u00e1vnymi prek\u00e1\u017ekami cezhrani\u010dn\u00e9ho umiestnenia.<\/p>\n<p>Cie\u013eom projektu je identifikova\u0165 a podpori\u0165 rie\u0161enie prek\u00e1\u017eok v nasleduj\u00facich rokoch za \u00fa\u010dasti zainteresovan\u00fdch str\u00e1n, aby sa integr\u00e1cia mohla \u010do najviac roz\u0161\u00edri\u0165.<\/p>\n","protected":false},"excerpt":{"rendered":"<p>D\u0148a 25. janu\u00e1ra 2024 sa v Gy\u0151ri uskuto\u010dnil prv\u00fd workshop strategick\u00e9ho projektu &#8222;Podpora pr\u00e1vnej dostupnosti na slovensko-ma\u010farskej hranici&#8220; (ACCES), ktor\u00fd organizuje CESCI (Stredoeur\u00f3pska podporn\u00e1 slu\u017eba pre cezhrani\u010dn\u00e9 iniciat\u00edvy) v spolupr\u00e1ci s EZ\u00daS Arrabona. Po\u010das podujatia pracovn\u00edci CESCI predstavili hlavn\u00e9 v\u00fdsledky doteraz vykonan\u00fdch v\u00fdskumn\u00fdch pr\u00e1c. \u00da\u010dastn\u00edci z mestsk\u00e9ho regi\u00f3nu Gy\u0151r boli z\u00e1rove\u0148 vyzvan\u00ed, aby tieto v\u00fdsledky [&hellip;]<\/p>\n","protected":false},"author":32,"featured_media":7943,"comment_status":"open","ping_status":"open","sticky":false,"template":"","format":"standard","meta":{"_acf_changed":false,"footnotes":""},"categories":[75,38],"tags":[],"class_list":["post-7942","post","type-post","status-publish","format-standard","has-post-thumbnail","hentry","category-arrabona-sk","category-uncategorized-sk"],"acf":[],"amp_enabled":true,"_links":{"self":[{"href":"https:\/\/arrabona.eu\/sk\/wp-json\/wp\/v2\/posts\/7942","targetHints":{"allow":["GET"]}}],"collection":[{"href":"https:\/\/arrabona.eu\/sk\/wp-json\/wp\/v2\/posts"}],"about":[{"href":"https:\/\/arrabona.eu\/sk\/wp-json\/wp\/v2\/types\/post"}],"author":[{"embeddable":true,"href":"https:\/\/arrabona.eu\/sk\/wp-json\/wp\/v2\/users\/32"}],"replies":[{"embeddable":true,"href":"https:\/\/arrabona.eu\/sk\/wp-json\/wp\/v2\/comments?post=7942"}],"version-history":[{"count":0,"href":"https:\/\/arrabona.eu\/sk\/wp-json\/wp\/v2\/posts\/7942\/revisions"}],"wp:featuredmedia":[{"embeddable":true,"href":"https:\/\/arrabona.eu\/sk\/wp-json\/wp\/v2\/media\/7943"}],"wp:attachment":[{"href":"https:\/\/arrabona.eu\/sk\/wp-json\/wp\/v2\/media?parent=7942"}],"wp:term":[{"taxonomy":"category","embeddable":true,"href":"https:\/\/arrabona.eu\/sk\/wp-json\/wp\/v2\/categories?post=7942"},{"taxonomy":"post_tag","embeddable":true,"href":"https:\/\/arrabona.eu\/sk\/wp-json\/wp\/v2\/tags?post=7942"}],"curies":[{"name":"wp","href":"https:\/\/api.w.org\/{rel}","templated":true}]}}