{"id":7853,"date":"2023-08-11T13:18:03","date_gmt":"2023-08-11T12:18:03","guid":{"rendered":"https:\/\/arrabona.eu\/xxx\/"},"modified":"2023-08-14T11:29:51","modified_gmt":"2023-08-14T10:29:51","slug":"xxx","status":"publish","type":"post","link":"https:\/\/arrabona.eu\/sk\/xxx\/","title":{"rendered":"Harmadik alkalommal ker\u00fcl megrendez\u00e9sre a Gy\u0151ri Kl\u00edma EXPO"},"content":{"rendered":"<p class=\"xdj266r x11i5rnm xat24cr x1mh8g0r x1vvkbs x126k92a\">Az idei \u00e9vben is megrendez\u00e9sre ker\u00fcl a III. Gy\u0151ri Kl\u00edma EXPO, melyhez Gy\u0151r Megyei Jog\u00fa V\u00e1ros \u00d6nkorm\u00e1nyzata K\u00f6rnyezetv\u00e9delmi Bizotts\u00e1g\u00e1nak t\u00e1mogat\u00e1s\u00e1val az Arrabona EGTC ism\u00e9telten csatlakozik t\u00e1rsszervez\u0151k\u00e9nt.<\/p>\n<p dir=\"auto\">Az esem\u00e9ny 2023.10.05-07. k\u00f6z\u00f6tt az Olimpiai Sportparkban lesz l\u00e1togathat\u00f3. Az EXPO remek lehet\u0151s\u00e9get biztos\u00edt gyermekeknek, a lakoss\u00e1gnak \u00e9s a v\u00e1llalatok sz\u00e1m\u00e1ra is, szakmai nappal, valamint az iskol\u00e1sok r\u00e9sz\u00e9re tematikus, szeml\u00e9letform\u00e1l\u00f3 bemutat\u00f3val.<\/p>\n<p class=\"x11i5rnm xat24cr x1mh8g0r x1vvkbs xtlvy1s x126k92a\">Az esem\u00e9nyr\u0151l b\u0151vebb inform\u00e1ci\u00f3 az <a href=\"https:\/\/zoldgyor.hu\/iii-gyori-klima-expo-az-mvm-energiajaval\/\">al\u00e1bbi oldalon<\/a> olvashat\u00f3.<\/p>\n","protected":false},"excerpt":{"rendered":"<p>Az idei \u00e9vben is megrendez\u00e9sre ker\u00fcl a III. Gy\u0151ri Kl\u00edma EXPO, melyhez Gy\u0151r Megyei Jog\u00fa V\u00e1ros \u00d6nkorm\u00e1nyzata K\u00f6rnyezetv\u00e9delmi Bizotts\u00e1g\u00e1nak t\u00e1mogat\u00e1s\u00e1val az Arrabona EGTC ism\u00e9telten csatlakozik t\u00e1rsszervez\u0151k\u00e9nt. Az esem\u00e9ny 2023.10.05-07. k\u00f6z\u00f6tt az Olimpiai Sportparkban lesz l\u00e1togathat\u00f3. Az EXPO remek lehet\u0151s\u00e9get biztos\u00edt gyermekeknek, a lakoss\u00e1gnak \u00e9s a v\u00e1llalatok sz\u00e1m\u00e1ra is, szakmai nappal, valamint az iskol\u00e1sok r\u00e9sz\u00e9re tematikus, [&hellip;]<\/p>\n","protected":false},"author":20,"featured_media":7857,"comment_status":"open","ping_status":"open","sticky":false,"template":"","format":"standard","meta":{"_acf_changed":false,"footnotes":""},"categories":[38],"tags":[],"class_list":["post-7853","post","type-post","status-publish","format-standard","has-post-thumbnail","hentry","category-uncategorized-sk"],"acf":[],"amp_enabled":true,"_links":{"self":[{"href":"https:\/\/arrabona.eu\/sk\/wp-json\/wp\/v2\/posts\/7853","targetHints":{"allow":["GET"]}}],"collection":[{"href":"https:\/\/arrabona.eu\/sk\/wp-json\/wp\/v2\/posts"}],"about":[{"href":"https:\/\/arrabona.eu\/sk\/wp-json\/wp\/v2\/types\/post"}],"author":[{"embeddable":true,"href":"https:\/\/arrabona.eu\/sk\/wp-json\/wp\/v2\/users\/20"}],"replies":[{"embeddable":true,"href":"https:\/\/arrabona.eu\/sk\/wp-json\/wp\/v2\/comments?post=7853"}],"version-history":[{"count":0,"href":"https:\/\/arrabona.eu\/sk\/wp-json\/wp\/v2\/posts\/7853\/revisions"}],"wp:featuredmedia":[{"embeddable":true,"href":"https:\/\/arrabona.eu\/sk\/wp-json\/wp\/v2\/media\/7857"}],"wp:attachment":[{"href":"https:\/\/arrabona.eu\/sk\/wp-json\/wp\/v2\/media?parent=7853"}],"wp:term":[{"taxonomy":"category","embeddable":true,"href":"https:\/\/arrabona.eu\/sk\/wp-json\/wp\/v2\/categories?post=7853"},{"taxonomy":"post_tag","embeddable":true,"href":"https:\/\/arrabona.eu\/sk\/wp-json\/wp\/v2\/tags?post=7853"}],"curies":[{"name":"wp","href":"https:\/\/api.w.org\/{rel}","templated":true}]}}