{"id":5446,"date":"2019-07-18T12:01:43","date_gmt":"2019-07-18T11:01:43","guid":{"rendered":"https:\/\/www.arrabona.eu\/?p=5446"},"modified":"2019-07-18T12:01:43","modified_gmt":"2019-07-18T11:01:43","slug":"projekt-builcogreen-2-workshop-ako-sa-stat-kvetinovym-mestom","status":"publish","type":"post","link":"https:\/\/arrabona.eu\/sk\/projekt-builcogreen-2-workshop-ako-sa-stat-kvetinovym-mestom\/","title":{"rendered":"Projekt Builcogreen 2. workshop \u2013 \u201eAko sa sta\u0165 kvetinov\u00fdm mestom\u201c"},"content":{"rendered":"<p class=\"s13\"><span class=\"s3\">Hostite\u013eom \u00fa\u010dastn\u00edkov druh\u00e9ho zo s\u00e9rie workshopov realizovan\u00fdch v\u00a0r\u00e1mci projektu Builcogreen bol Mosonmagyar\u00f3v\u00e1r, mesto kvet\u00edn. <\/span><span class=\"s3\">V\u00a0tomto duchu sa niesla aj t\u00e9ma stretnutia &#8211; skr\u00e1\u0161\u013eovanie mesta, \u00fazemn\u00e9 pl\u00e1novanie, ovplyv\u0148uj\u00face najm\u00e4 \u00fa\u010das\u0165 na medzin\u00e1rodn\u00fdch <\/span><span class=\"s3\">s\u00fa\u0165a\u017eiach Entente Florale a\u00a0Kvetinov\u00e9 Ma\u010farsko<\/span><span class=\"s3\">. Akciu otvoril prim\u00e1tor mesta Dr. \u00c1rvay Istv\u00e1n, n\u00e1sledne vyst\u00fapil Dr. Herke Zolt\u00e1n, ved\u00faci div\u00edzie rozvoja v Arrabona EZ\u00daS a\u00a0z\u00e1rove\u0148 aj projektov\u00fd mana\u017e\u00e9r programovej s\u00e9rie, a\u00a0<\/span><span class=\"s3\">predstavil pokrok dosiahnut\u00fd od predch\u00e1dzaj\u00facej akcie<\/span><span class=\"s3\">. <\/span><span class=\"s3\">V uplynul\u00fdch dvoch mesiacoch, sa \u00faspe\u0161ne zrealizovalo \u201ementorstvo\u201c troch obc\u00ed ako s\u00fa\u010das\u0165 projektu a v\u0161etky tri obce dok\u00e1zali vynikaj\u00faco vyu\u017ei\u0165 tieto sk\u00fasenosti, preto\u017ee boli predlo\u017een\u00e9 \u00faspe\u0161ne \u017eiadosti s\u00favisiace s problematikou odpadov\u00e9ho hospod\u00e1rstva<\/span><span class=\"s3\">.<\/span><\/p>\n<p class=\"s13\"><span class=\"s3\">Po\u010das workshopu si \u00fa\u010dastn\u00edci vypo\u010duli okrem in\u00e9ho aj predn\u00e1\u0161ky expertov riadiacich \u00fa\u010das\u0165 mesta<\/span><span class=\"s3\"> Mosonmagyar\u00f3v\u00e1r <\/span><span class=\"s3\">v s\u00fa\u0165a\u017ei Kvetinov\u00e9 Ma\u010farsko<\/span><span class=\"s3\"> a\u00a0na <\/span><span class=\"s3\">medzin\u00e1rodn\u00fdch s\u00fa\u0165a\u017eiach Entente Florale<\/span><span class=\"s3\">:<\/span><\/p>\n<div class=\"s15\"><span class=\"s14\">\u2022 <\/span><span class=\"s3\">Kitley Tibor, <\/span><span class=\"s3\">hlavn\u00fd architekt mesta hovoril o\u00a0minulosti \u00fazemn\u00e9ho pl\u00e1novania v meste, o obnove verejn\u00fdch priestranstiev<\/span><span class=\"s3\">. Uviedol, <\/span><span class=\"s3\">\u017ee pre mesto je obzvl\u00e1\u0161\u0165 d\u00f4le\u017eit\u00e1 ochrana historick\u00fdch budov a rozvoj praktick\u00fdch a atrakt\u00edvnych verejn\u00fdch priestranstiev<\/span><span class=\"s3\">. <\/span><\/div>\n<div class=\"s15\"><span class=\"s14\">\u2022 <\/span><span class=\"s3\">N\u00e9meth Andrea, <\/span><span class=\"s3\">referentka pre \u017eivotn\u00e9 prostredie, ktor\u00e1 je u\u017e dvadsa\u0165 rokov \u010dlenkou poroty s\u00fa\u0165a\u017ee, mala predn\u00e1\u0161ku o s\u00fa\u0165a\u017ei Kvetinov\u00e9 Ma\u010farsko. Pribl\u00ed\u017eila v\u00a0nej cie\u013e \u00a0s\u00fa\u0165a\u017ee, jej funk\u010dn\u00fd syst\u00e9m, aspekty hodnoten\u00e9 \u010dlenmi poroty a podrobnosti o ceste ved\u00facej k v\u00ed\u0165azstvu<\/span><span class=\"s3\">.<\/span><\/div>\n<div class=\"s16\"><span class=\"s14\">\u2022 <\/span><span class=\"s3\">Nakoniec <\/span><span class=\"s3\">Vizsy-Gombosi Lilla, <\/span><span class=\"s3\">ved\u00faca sekretari\u00e1tu prim\u00e1tora, hovorila o\u00a0medzin\u00e1rodnej s\u00fa\u0165a\u017ei a\u00a0o\u00a0pripravenosti mesta pokia\u013e ide o marketing a komunik\u00e1ciu<\/span><span class=\"s3\">. <\/span><span class=\"s3\">\u00da\u010das\u0165 v s\u00fa\u0165a\u017ei je v\u00fdsledkom komplexn\u00e9ho a zd\u013ahav\u00e9ho procesu, ktor\u00fd vy\u017eaduje \u0161pecializovan\u00fd a profesion\u00e1lny t\u00edm organiz\u00e1torov, rovnako ako aj v\u00e4\u010d\u0161ie zapojenie miestnych \u013eud\u00ed a\u00a0organiz\u00e1ci\u00ed<\/span><span class=\"s3\">.<\/span><\/div>\n","protected":false},"excerpt":{"rendered":"<p>Hostite\u013eom \u00fa\u010dastn\u00edkov druh\u00e9ho zo s\u00e9rie workshopov realizovan\u00fdch v\u00a0r\u00e1mci projektu Builcogreen bol Mosonmagyar\u00f3v\u00e1r, mesto kvet\u00edn. V\u00a0tomto duchu sa niesla aj t\u00e9ma stretnutia &#8211; skr\u00e1\u0161\u013eovanie mesta, \u00fazemn\u00e9 pl\u00e1novanie, ovplyv\u0148uj\u00face najm\u00e4 \u00fa\u010das\u0165 na medzin\u00e1rodn\u00fdch s\u00fa\u0165a\u017eiach Entente Florale a\u00a0Kvetinov\u00e9 Ma\u010farsko. Akciu otvoril prim\u00e1tor mesta Dr. \u00c1rvay Istv\u00e1n, n\u00e1sledne vyst\u00fapil Dr. Herke Zolt\u00e1n, ved\u00faci div\u00edzie rozvoja v Arrabona EZ\u00daS a\u00a0z\u00e1rove\u0148 [&hellip;]<\/p>\n","protected":false},"author":6,"featured_media":4927,"comment_status":"open","ping_status":"open","sticky":false,"template":"","format":"standard","meta":{"_acf_changed":false,"footnotes":""},"categories":[38],"tags":[],"class_list":["post-5446","post","type-post","status-publish","format-standard","has-post-thumbnail","hentry","category-uncategorized-sk"],"acf":[],"amp_enabled":true,"_links":{"self":[{"href":"https:\/\/arrabona.eu\/sk\/wp-json\/wp\/v2\/posts\/5446","targetHints":{"allow":["GET"]}}],"collection":[{"href":"https:\/\/arrabona.eu\/sk\/wp-json\/wp\/v2\/posts"}],"about":[{"href":"https:\/\/arrabona.eu\/sk\/wp-json\/wp\/v2\/types\/post"}],"author":[{"embeddable":true,"href":"https:\/\/arrabona.eu\/sk\/wp-json\/wp\/v2\/users\/6"}],"replies":[{"embeddable":true,"href":"https:\/\/arrabona.eu\/sk\/wp-json\/wp\/v2\/comments?post=5446"}],"version-history":[{"count":0,"href":"https:\/\/arrabona.eu\/sk\/wp-json\/wp\/v2\/posts\/5446\/revisions"}],"wp:featuredmedia":[{"embeddable":true,"href":"https:\/\/arrabona.eu\/sk\/wp-json\/wp\/v2\/media\/4927"}],"wp:attachment":[{"href":"https:\/\/arrabona.eu\/sk\/wp-json\/wp\/v2\/media?parent=5446"}],"wp:term":[{"taxonomy":"category","embeddable":true,"href":"https:\/\/arrabona.eu\/sk\/wp-json\/wp\/v2\/categories?post=5446"},{"taxonomy":"post_tag","embeddable":true,"href":"https:\/\/arrabona.eu\/sk\/wp-json\/wp\/v2\/tags?post=5446"}],"curies":[{"name":"wp","href":"https:\/\/api.w.org\/{rel}","templated":true}]}}