{"id":5441,"date":"2019-07-18T11:59:53","date_gmt":"2019-07-18T10:59:53","guid":{"rendered":"https:\/\/www.arrabona.eu\/?p=5441"},"modified":"2019-07-18T11:59:53","modified_gmt":"2019-07-18T10:59:53","slug":"aks-podnikla-studijnu-cestu-do-linca","status":"publish","type":"post","link":"https:\/\/arrabona.eu\/sk\/aks-podnikla-studijnu-cestu-do-linca\/","title":{"rendered":"AKS podnikla \u0161tudijn\u00fa cestu do Linca"},"content":{"rendered":"<p class=\"s10\"><span class=\"s3\">V\u00a0r\u00e1mci \u00a0projektu Cultacross (SKHU1601\/1.1\/041) sa \u010dlenovia kult\u00farnej ak\u010dnej skupiny z\u00fa\u010dastnili \u0161tudijnej cesty do Linca, zorganizovanej Arrabonou EZ\u00daS \u00a0v\u00a0d\u0148och 28. \u2013 30. m\u00e1ja 2018. Cie\u013eovou destin\u00e1ciou v\u00fdletu bol prim\u00e1rne Linec, <\/span><span class=\"s3\">hlavn\u00e9 mesto spolkov\u00e9ho \u0161t\u00e1tu Horn\u00e9 Rak\u00fasko<\/span><span class=\"s3\">, ale po\u010das posledn\u00e9ho d\u0148a \u00fa\u010dastn\u00edci nav\u0161t\u00edvili aj ne\u010falek\u00fd \u010cesk\u00fd Krumlov. Hlavn\u00fdm cie\u013eom \u0161tudijnej cesty AKS bolo zhroma\u017edi\u0165 sk\u00fasenosti,\u00a0 osved\u010den\u00e9 postupy rak\u00fasko-\u010deskej \u00a0spolupr\u00e1ce a\u00a0vyu\u017ei\u0165 ich pri rozvoji a\u00a0podpore dlhodobej kult\u00farnej spolupr\u00e1ce medzi Gy\u0151rom a\u00a0Dunajskou Stredou<\/span><span class=\"s3\">. Vo\u013eba AKS <\/span><span class=\"s3\">okrem in\u00e9ho aj preto padla na b\u00fdval\u00e9 Eur\u00f3pske hlavn\u00e9 mesto kult\u00fary, resp. na jeho partnersk\u00e9 mesto v\u00a0rak\u00fasko-\u010deskom pohrani\u010d\u00ed, lebo maj\u00fa ve\u013emi podobn\u00e9 charakteristiky ako mest\u00e1 pozd\u013a\u017e ma\u010farsko-slovenskej hranice, z\u00fa\u010dast\u0148uj\u00face sa projektu<\/span><span class=\"s3\">.<\/span><\/p>\n<p class=\"s10\"><span class=\"s3\">Odborn\u00fd program okrem in\u00e9ho zah\u0155\u0148al aj sk\u00famanie najd\u00f4le\u017eitej\u0161\u00edch kult\u00farnych a\u00a0n\u00e1v\u0161tevn\u00fdch destin\u00e1ci\u00ed, in\u0161tit\u00faci\u00ed a\u00a0z\u00edskanie sk\u00fasenost\u00ed, kde mali \u00fa\u010dastn\u00edci okrem plo\u0161nej n\u00e1v\u0161tevy aj mo\u017enos\u0165 prediskutova\u0165 odborn\u00e9 ot\u00e1zky so z\u00e1stupcami a\u00a0ved\u00facimi miestnych in\u0161tit\u00faci\u00ed. Zast\u00e1vky na tejto ceste boli nasleduj\u00face:<\/span><\/p>\n<p class=\"s10\"><span class=\"s3\">Ars Electronica Center: <\/span><span class=\"s3\">In\u0161tit\u00fat sk\u00famaj\u00faci vplyvy najnov\u0161\u00edch v\u00fddobytkov digit\u00e1lnych technol\u00f3gi\u00ed<\/span><span class=\"s3\"> na \u010dloveka sa z\u00a0festivalu zorganizovan\u00e9ho <\/span><span class=\"s3\">v roku 1979 stal popredn\u00fdm svetov\u00fdm v\u00fdskumn\u00fdm in\u0161tit\u00fatom s otvoren\u00fdmi v\u00fdstavn\u00fdmi miestnos\u0165ami<\/span><span class=\"s3\">. <\/span><span class=\"s3\">Andreas Bauer, ktor\u00fd t\u00fato skupinu vedie s ve\u013ek\u00fdm nad\u0161en\u00edm a\u00a0profesion\u00e1lne, uviedol, \u017ee 60% ich rozpo\u010dtu je kryt\u00fdch z v\u00fdnosov zo slu\u017eieb a zvy\u0161ok je financovan\u00fd z rozpo\u010dtu regi\u00f3nu Horn\u00e9ho Rak\u00faska a\u00a0z projektov E\u00da<\/span><span class=\"s3\">.<\/span><\/p>\n<p class=\"s10\"><span class=\"s3\">Potom Georg Steiner, riadite\u013e Tourist Information Linz, \u00a0formou predn\u00e1\u0161ky informoval skupinu o\u00a0tom, \u017ee Linec, le\u017eiaci v\u00a0polovici cesty medzi Salzburgom a\u00a0Vied\u0148ou, vzdialen\u00fd len hodinu a\u00a0pol jazdy od t\u00fdchto dvoch kult\u00farnych \u201eobrov<\/span><span class=\"s3\">\u201c<\/span><span class=\"s3\">, bol zn\u00e1my len ako priemyseln\u00e9 mesto so zl\u00fdm ovzdu\u0161\u00edm. Zmenu priniesol a\u017e vznik <\/span><span class=\"s3\">\u010dist\u00fdch technol\u00f3gi\u00ed, ktor\u00e9 nahradili oceliarsky priemysel, a ktor\u00e9 s\u00fa poh\u00e1\u0148an\u00e9 motorom inov\u00e1cie a v\u00fdskumu<\/span><span class=\"s3\">. Ak by pr\u00ed\u0165a\u017elivos\u0165 mesta mala spo\u010d\u00edva\u0165 len na trblietavej prezent\u00e1cii minulosti, <\/span><span class=\"s3\">Linec by v tomto oh\u013eade nebol schopn\u00fd konkurova\u0165 ani Viedni, ani Salzburgu<\/span><span class=\"s3\">. <\/span><\/p>\n<p class=\"s10\"><span class=\"s3\">Schlossmuseum je typick\u00fdm pr\u00edkladom elegantnej kombin\u00e1cie tradi\u010dn\u00e9ho prostredia a\u00a0novodob\u00fdch inov\u00e1ci\u00ed<\/span><span class=\"s3\">. <\/span><span class=\"s3\">Toto m\u00fazeum s neuverite\u013ene bohatou zbierkou, prezentuj\u00face kult\u00farne, spolo\u010densk\u00e9 a pr\u00edrodn\u00e9 pamiatky na ve\u013emi vysokej \u00farovni, je prev\u00e1dzkovan\u00e9 spolkovou krajinou a toho \u010dasu je bez riadite\u013ea, preto\u017ee nov\u00e1 rak\u00faska vl\u00e1da iniciovala vytvorenie strat\u00e9gie pokr\u00fdvaj\u00facej v\u0161etky m\u00faze\u00e1<\/span><span class=\"s3\">. <\/span><span class=\"s3\">To znamen\u00e1, \u017ee vedenie zbierok bude treba v bud\u00facom roku zrealizova\u0165 s konkr\u00e9tnym zameran\u00edm a prev\u00e1dzka bude musie\u0165 by\u0165 zodpovedaj\u00facim sp\u00f4sobom prekonfigurovan\u00e1. Bolo zauj\u00edmav\u00e9 sledova\u0165, ako sa sna\u017eia \u010deli\u0165 nov\u00fdm v\u00fdzvam<\/span><span class=\"s3\">!<\/span><\/p>\n<p class=\"s10\"><span class=\"s3\">Z\u00a0predn\u00e1\u0161ky ved\u00faceho, zodpovedn\u00e9ho za organiz\u00e1ciu podujat\u00ed Brucknerhausu sme sa dozvedeli, \u017ee impozantn\u00e1 koncertn\u00e1 s\u00e1la tejto in\u0161tit\u00facie, ktor\u00e1 <\/span><span class=\"s3\">bola postaven\u00e1 vo funk\u010dnom, kvalitnom \u0161kandin\u00e1vskom \u0161t\u00fdle, odr\u00e1\u017eaj\u00facom vkus sedemdesiatych rokov, m\u00e1 svoj vlastn\u00fd symfonick\u00fd orchester<\/span><span class=\"s3\">. Jej v\u00fdstavbu iniciovala Brucknerova skupina, vyzdvihuj\u00faca v\u00e4zbu Antona Brucknera k\u00a0tomuto mestu, v\u00a0s\u00fa\u010dasnosti je financovan\u00e1 z\u00a0mestsk\u00fdch a\u00a0krajinsk\u00fdch zdrojov. <\/span><span class=\"s3\">Okrem koncertnej s\u00e1ly, ktor\u00e1 pojme a\u017e 1300 \u013eud\u00ed, prev\u00e1dzkuj\u00fa aj jednu men\u0161iu s\u00e1lu s kapacitou 400 miest pri \u00a0vyu\u017eit\u00ed na 80%, s cca. 200 predstaveniami ro\u010dne.<\/span><\/p>\n<p class=\"s11\"><span class=\"s3\">Teraz, ke\u010f u\u017e pozn\u00e1me z\u00e1\u017eitky \u00fa\u010dastn\u00edkov mo\u017eno \u0161tudijn\u00fa cestu a <\/span><span class=\"s3\">sk\u00fasenosti v\u00a0z\u00e1ujme ich vyu\u017eitia v\u00a0<\/span><span class=\"s3\">Gy\u0151ri a <\/span><span class=\"s3\">Dunajskej strede <\/span><span class=\"s3\">zhrn\u00fa\u0165 nasledovne: <\/span><span class=\"s3\">otvorenos\u0165, profesionalita, r\u00f4znorodos\u0165, inov\u00e1cie, d\u00f4le\u017eitos\u0165 spojenia star\u00e9ho a\u00a0nov\u00e9ho, \u00a0ktor\u00e9 zaujm\u00fa v\u00fdrazn\u00e9 miesto v\u00a0mestskom koncepte kult\u00fary a cestovn\u00e9ho ruchu<\/span><span class=\"s3\">.<\/span><\/p>\n","protected":false},"excerpt":{"rendered":"<p>V\u00a0r\u00e1mci \u00a0projektu Cultacross (SKHU1601\/1.1\/041) sa \u010dlenovia kult\u00farnej ak\u010dnej skupiny z\u00fa\u010dastnili \u0161tudijnej cesty do Linca, zorganizovanej Arrabonou EZ\u00daS \u00a0v\u00a0d\u0148och 28. \u2013 30. m\u00e1ja 2018. Cie\u013eovou destin\u00e1ciou v\u00fdletu bol prim\u00e1rne Linec, hlavn\u00e9 mesto spolkov\u00e9ho \u0161t\u00e1tu Horn\u00e9 Rak\u00fasko, ale po\u010das posledn\u00e9ho d\u0148a \u00fa\u010dastn\u00edci nav\u0161t\u00edvili aj ne\u010falek\u00fd \u010cesk\u00fd Krumlov. Hlavn\u00fdm cie\u013eom \u0161tudijnej cesty AKS bolo zhroma\u017edi\u0165 sk\u00fasenosti,\u00a0 osved\u010den\u00e9 postupy [&hellip;]<\/p>\n","protected":false},"author":6,"featured_media":4925,"comment_status":"open","ping_status":"open","sticky":false,"template":"","format":"standard","meta":{"_acf_changed":false,"footnotes":""},"categories":[38],"tags":[],"class_list":["post-5441","post","type-post","status-publish","format-standard","has-post-thumbnail","hentry","category-uncategorized-sk"],"acf":[],"amp_enabled":true,"_links":{"self":[{"href":"https:\/\/arrabona.eu\/sk\/wp-json\/wp\/v2\/posts\/5441","targetHints":{"allow":["GET"]}}],"collection":[{"href":"https:\/\/arrabona.eu\/sk\/wp-json\/wp\/v2\/posts"}],"about":[{"href":"https:\/\/arrabona.eu\/sk\/wp-json\/wp\/v2\/types\/post"}],"author":[{"embeddable":true,"href":"https:\/\/arrabona.eu\/sk\/wp-json\/wp\/v2\/users\/6"}],"replies":[{"embeddable":true,"href":"https:\/\/arrabona.eu\/sk\/wp-json\/wp\/v2\/comments?post=5441"}],"version-history":[{"count":0,"href":"https:\/\/arrabona.eu\/sk\/wp-json\/wp\/v2\/posts\/5441\/revisions"}],"wp:featuredmedia":[{"embeddable":true,"href":"https:\/\/arrabona.eu\/sk\/wp-json\/wp\/v2\/media\/4925"}],"wp:attachment":[{"href":"https:\/\/arrabona.eu\/sk\/wp-json\/wp\/v2\/media?parent=5441"}],"wp:term":[{"taxonomy":"category","embeddable":true,"href":"https:\/\/arrabona.eu\/sk\/wp-json\/wp\/v2\/categories?post=5441"},{"taxonomy":"post_tag","embeddable":true,"href":"https:\/\/arrabona.eu\/sk\/wp-json\/wp\/v2\/tags?post=5441"}],"curies":[{"name":"wp","href":"https:\/\/api.w.org\/{rel}","templated":true}]}}