{"id":5427,"date":"2019-07-18T11:51:35","date_gmt":"2019-07-18T10:51:35","guid":{"rendered":"https:\/\/www.arrabona.eu\/?p=5427"},"modified":"2019-07-18T11:51:35","modified_gmt":"2019-07-18T10:51:35","slug":"ezus-arrabona-otvorilo-svoju-kancelariu-v-dunajskej-strede","status":"publish","type":"post","link":"https:\/\/arrabona.eu\/sk\/ezus-arrabona-otvorilo-svoju-kancelariu-v-dunajskej-strede\/","title":{"rendered":"EZ\u00daS Arrabona otvorilo svoju kancel\u00e1riu v Dunajskej Strede"},"content":{"rendered":"<p class=\"s7\"><span class=\"s3\">Zoskupenie <\/span><span class=\"s3\">Arrabona EZ\u00daS<\/span><span class=\"s3\"> vzniklo v\u00a0roku 2010 z\u00a0iniciat\u00edvy miest Gy\u0151r, mesta so \u017eupn\u00fdm pr\u00e1vom <\/span><span class=\"s3\">&#8211; ako jeho s\u00eddla<\/span><span class=\"s3\"> \u2013 Mosonmagyar\u00f3v\u00e1r a\u00a0dvoch slovensk\u00fd miest: <\/span><span class=\"s3\">Dunajsk\u00e1 Streda a\u00a0\u0160amor\u00edn, ako spoluzakladate\u013eov<\/span><span class=\"s3\">. <\/span><span class=\"s3\">Zoskupenie Arrabona EZ\u00daS vzniklo za \u00fa\u010delom dosiahnutia spolo\u010dn\u00fdch cie\u013eov region\u00e1lneho rozvoja v slovensko-ma\u010farskom pohrani\u010d\u00ed <\/span><span class=\"s3\">(Mal\u00fd \u017ditn\u00fd ostrov a \u00a0\u017ditn\u00fd ostrov). <\/span><span class=\"s3\">EZ\u00daS je pr\u00e1vnym subjektom a vstup je dobrovo\u013en\u00fd<\/span><span class=\"s3\">. J<\/span><span class=\"s3\">eho \u010dlenmi sa m\u00f4\u017eu sta\u0165 \u010dlensk\u00e9 \u0161t\u00e1ty Eur\u00f3pskej \u00fanie, region\u00e1lne \u00farady, miestne \u00farady, org\u00e1ny, verejnopr\u00e1vne in\u0161tit\u00facie \u010di zoskupenia skladaj\u00face sa z uveden\u00fdch organiz\u00e1ci\u00ed<\/span><span class=\"s3\">.<\/span><\/p>\n<p class=\"s7\"><span class=\"s3\">Vieme, \u017ee k\u00fdm nap\u00edsanie alebo riadenie projektu je pre n\u00e1s v\u00fdzvou, pre na\u0161ich partnerov to znamen\u00e1 realiz\u00e1ciu obchodn\u00fdch cie\u013eov a splnenie snov. Pr\u00e1ve preto je pre n\u00e1s ka\u017ed\u00fd projekt jedine\u010dn\u00fd a\u00a0rovnako hodnotn\u00fd.<\/span> <span class=\"s3\">Na\u0161e sk\u00fasenosti ukazuj\u00fa, \u017ee ako dom\u00e1ce tak aj E\u00da syst\u00e9my s\u00fa\u0165a\u017e\u00ed maj\u00fa tak \u0161peci\u00e1lne po\u017eiadavky, \u017ee v\u00a0mnoh\u00fdch pr\u00edpadoch predkladate\u013e \u017eiadosti nie je schopn\u00fd vlastn\u00fdmi silami \u017eiados\u0165 vyhotovi\u0165, s\u00e1m \u010dasto nedok\u00e1\u017ee ani n\u00e1js\u0165 zdroj.<\/span> <span class=\"s3\">Pr\u00e1ve preto m\u00f4\u017eu by\u0165 na\u0161e slu\u017eby u\u017eito\u010dn\u00fdm pomocn\u00edkom pri zorientovan\u00ed sa v tomto \u0161pecializovanom a komplexnom syst\u00e9me, preto\u017ee na\u0161a ka\u017edodenn\u00e1 pr\u00e1ca sa zaklad\u00e1 na detailnej znalosti s\u00fa\u0165a\u017e\u00ed a\u00a0syst\u00e9mov pravidiel s\u00favisiacich s\u00a0jednotliv\u00fdmi zdrojmi dot\u00e1ci\u00ed<\/span><span class=\"s3\">. <\/span><span class=\"s3\">Pon\u00fakame miestnym samospr\u00e1vam a regi\u00f3nom pr\u00edle\u017eitos\u0165 vytvori\u0165 cezhrani\u010dn\u00fa alebo medziregion\u00e1lnu spolupr\u00e1cu na dosiahnutie spolo\u010dn\u00fdch cie\u013eov<\/span><span class=\"s3\">. <\/span><span class=\"s3\">Na\u0161a \u010dinnos\u0165 sa t\u00fdka najm\u00e4 nasleduj\u00facich spr\u00e1vnych jednotiek<\/span><span class=\"s3\">: <\/span><span class=\"s3\">v Ma\u010farsku je to oblas\u0165 mikroregi\u00f3nov Mosonmagyar\u00f3v\u00e1r a Gy\u0151r<\/span><span class=\"s3\">; <\/span><span class=\"s3\">Na ju\u017enom Slovensku oblas\u0165 okresu Dunajsk\u00e1 Streda<\/span><span class=\"s3\">. <\/span><\/p>\n<p class=\"s7\"><span class=\"s3\">S pote\u0161en\u00edm oznamujeme, \u017ee Arrabona EZ\u00daS otv\u00e1ra svoju kancel\u00e1riu u\u017e aj v Dunajskej Strede a jej poslan\u00edm je nepretr\u017eite informova\u0165 partnerov\/\u010dlensk\u00e9 samospr\u00e1vy o mo\u017enostiach rozvoja regi\u00f3nu, a to najm\u00e4 o\u00a0mo\u017enostiach vyu\u017e\u00edvania cezhrani\u010dn\u00fdch (v prvom rade slovensko-ma\u010farsk\u00fdch), slovensk\u00fdch, resp. ma\u010farsk\u00fdch dot\u00e1ci\u00ed<\/span><span class=\"s3\">. <\/span><span class=\"s3\">Sna\u017e\u00edme sa poskytova\u0165 verejnosti a miestnym samospr\u00e1vam \u00fa\u010dinn\u00fa informa\u010dn\u00fa slu\u017ebu o mo\u017enostiach predkladania pon\u00fak a postupoch na z\u00edskanie dot\u00e1ci\u00ed<\/span><span class=\"s3\">. <\/span><span class=\"s3\">Na\u0161\u00edm cie\u013eom je udr\u017eiava\u0165 kontakt s na\u0161imi partnermi, ako aj medzi \u017eiadate\u013eom a organiz\u00e1ciami, ktor\u00e9 dot\u00e1cie ude\u013euj\u00fa<\/span><span class=\"s3\">. <\/span><span class=\"s3\">Po\u010das realiz\u00e1cie projektu sa sna\u017e\u00edme podporova\u0165 spolupr\u00e1cu medzi z\u00fa\u010dastnen\u00fdmi stranami, spolupracuj\u00facimi organiz\u00e1ciami a riadiacim org\u00e1nom<\/span><span class=\"s3\">. <\/span><span class=\"s3\">Radi by sme pon\u00fakli pr\u00edle\u017eitos\u0165 na v\u00fdmenu inform\u00e1ci\u00ed a sk\u00fasenost\u00ed v \u0161irokom spektre workshopov<\/span><span class=\"s3\">. <\/span><span class=\"s3\">Mo\u017enos\u0165 z\u00fa\u010dastni\u0165 sa na na\u0161ich akci\u00e1ch pon\u00fakame nielen na\u0161im partnerom, ale chceli by sme oslovi\u0165 aj samospr\u00e1vy, podnikate\u013eov, ob\u010dianske zdru\u017eenia a\u00a0mimovl\u00e1dne organiz\u00e1cie, ktor\u00e9 javia z\u00e1ujem o dan\u00fa t\u00e9mu<\/span><span class=\"s3\">. <\/span><span class=\"s3\">Sna\u017e\u00edme sa pokry\u0165 v\u0161etky mo\u017enosti spolupr\u00e1ce<\/span><span class=\"s3\">: <\/span><span class=\"s3\">prostredn\u00edctvom n\u00e1vrhov, realiz\u00e1cie a\u00a0riadenia projektov, prostriedkov E\u00da alebo aj posilnen\u00edm inej spolupr\u00e1ce, treb\u00e1rs aj spolupr\u00e1ce z\u00a0vlastn\u00fdch nepodporovan\u00fdch iniciat\u00edv<\/span><span class=\"s3\">. <\/span><\/p>\n<p class=\"s7\"><span class=\"s3\">V s\u00fa\u010dasnej dobe sa Arrabona EZ\u00daS podie\u013ea na realiz\u00e1cii dvoch, slovensko-ma\u010farsk\u00fdch cezhrani\u010dn\u00fdch projektov, v oboch pr\u00edpadoch Dunajsk\u00e1 Streda akt\u00edvne spolupracuje<\/span><span class=\"s3\">. <\/span><\/p>\n<p class=\"s7\"><span class=\"s3\">V r\u00e1mci projektu<\/span><span class=\"s3\"> \u201e<\/span><span class=\"s3\">Cultacross<\/span><span class=\"s3\">\u201c<\/span> <span class=\"s3\">sa uskuto\u010dn\u00ed revitaliz\u00e1cia brehu jazera nach\u00e1dzaj\u00faceho sa v\u00a0are\u00e1li term\u00e1lneho k\u00fapaliska v Dunajskej Strede, vybuduje sa nov\u00e1 kult\u00farna sc\u00e9na, vodn\u00e9 javisko<\/span><span class=\"s3\">. Ak\u010dn\u00e1 Kult\u00farna Skupina (AKS), ktor\u00fa tvoria z\u00e1stupcovia kult\u00farnych organiz\u00e1ci\u00ed <\/span><span class=\"s3\">z\u00a0Gy\u0151ru a\u00a0Dunajskej Stredy, vypracovan\u00edm<\/span> <span class=\"s3\">spolo\u010dn\u00e9ho kult\u00farneho ak\u010dn\u00e9ho pl\u00e1nu a programu spolupr\u00e1ce<\/span><span class=\"s3\"> pom\u00e1ha pri propag\u00e1cii u\u017e <\/span><span class=\"s3\">existuj\u00facich kult\u00farnych akci\u00ed a\u00a0pri roz\u0161\u00edren\u00ed ponuky<\/span><span class=\"s3\">. <\/span><span class=\"s3\">V\u00fdsledkom projektu bude spestren\u00e1 ponuka kult\u00farnych akci\u00ed a festivalov medzi t\u00fdmito dvoma mestami<\/span><span class=\"s3\">. <\/span><\/p>\n<p class=\"s7\"><span class=\"s3\">V r\u00e1mci projektu s n\u00e1zvom \u201eBuilcogreen<\/span><span class=\"s3\">\u201c<\/span><span class=\"s3\"> s\u00fa spracovan\u00e9 \u0161tyri t\u00e9my \u2013 odpadov\u00e9 hospod\u00e1rstvo, kvetinov\u00e9 mesto, zelen\u00e9 z\u00f3ny, prev\u00e1dzkovanie verejn\u00fdch a\u00a0vojensk\u00fdch cintor\u00ednov \u2013 ktor\u00fdm poskytn\u00fa domov \u0161tyri mest\u00e1 zakladaj\u00facich \u010dlenov a\u00a0ako spr\u00e1vcovia t\u00fdchto t\u00e9m bud\u00fa prezentova\u0165 a\u00a0zdie\u013ea\u0165 svoje sk\u00fasenosti s men\u0161\u00edmi obcami. Prezent\u00e1cia a\u00a0zdie\u013eanie posledne uvedenej t\u00e9my sa uskuto\u010dnilo v\u00a0polovici okt\u00f3bra pr\u00e1ve tu v\u00a0Dunajskej Strede.<\/span><\/p>\n<p class=\"s8\"><span class=\"s3\">Ver\u00edme, \u017ee otvoren\u00edm na\u0161ej kancel\u00e1rie v Dunajskej Strede sa stane spolupr\u00e1ca efekt\u00edvnej\u0161ou, spolo\u010dn\u00fd rozvoj bude nielen medzi vy\u0161\u0161ie uveden\u00fdmi dvoma mestami &#8211; zakladate\u013emi, ale aj v\u00a0celej oblasti pohrani\u010dn\u00e9ho regi\u00f3nu Mal\u00fd \u017ditn\u00fd ostrov a \u00a0\u017ditn\u00fd ostrov a medzi \u010fal\u0161\u00edmi obcami.<\/span><\/p>\n","protected":false},"excerpt":{"rendered":"<p>Zoskupenie Arrabona EZ\u00daS vzniklo v\u00a0roku 2010 z\u00a0iniciat\u00edvy miest Gy\u0151r, mesta so \u017eupn\u00fdm pr\u00e1vom &#8211; ako jeho s\u00eddla \u2013 Mosonmagyar\u00f3v\u00e1r a\u00a0dvoch slovensk\u00fd miest: Dunajsk\u00e1 Streda a\u00a0\u0160amor\u00edn, ako spoluzakladate\u013eov. Zoskupenie Arrabona EZ\u00daS vzniklo za \u00fa\u010delom dosiahnutia spolo\u010dn\u00fdch cie\u013eov region\u00e1lneho rozvoja v slovensko-ma\u010farskom pohrani\u010d\u00ed (Mal\u00fd \u017ditn\u00fd ostrov a \u00a0\u017ditn\u00fd ostrov). EZ\u00daS je pr\u00e1vnym subjektom a vstup je dobrovo\u013en\u00fd. [&hellip;]<\/p>\n","protected":false},"author":6,"featured_media":4909,"comment_status":"open","ping_status":"open","sticky":false,"template":"","format":"standard","meta":{"_acf_changed":false,"footnotes":""},"categories":[38],"tags":[],"class_list":["post-5427","post","type-post","status-publish","format-standard","has-post-thumbnail","hentry","category-uncategorized-sk"],"acf":[],"amp_enabled":true,"_links":{"self":[{"href":"https:\/\/arrabona.eu\/sk\/wp-json\/wp\/v2\/posts\/5427","targetHints":{"allow":["GET"]}}],"collection":[{"href":"https:\/\/arrabona.eu\/sk\/wp-json\/wp\/v2\/posts"}],"about":[{"href":"https:\/\/arrabona.eu\/sk\/wp-json\/wp\/v2\/types\/post"}],"author":[{"embeddable":true,"href":"https:\/\/arrabona.eu\/sk\/wp-json\/wp\/v2\/users\/6"}],"replies":[{"embeddable":true,"href":"https:\/\/arrabona.eu\/sk\/wp-json\/wp\/v2\/comments?post=5427"}],"version-history":[{"count":0,"href":"https:\/\/arrabona.eu\/sk\/wp-json\/wp\/v2\/posts\/5427\/revisions"}],"wp:featuredmedia":[{"embeddable":true,"href":"https:\/\/arrabona.eu\/sk\/wp-json\/wp\/v2\/media\/4909"}],"wp:attachment":[{"href":"https:\/\/arrabona.eu\/sk\/wp-json\/wp\/v2\/media?parent=5427"}],"wp:term":[{"taxonomy":"category","embeddable":true,"href":"https:\/\/arrabona.eu\/sk\/wp-json\/wp\/v2\/categories?post=5427"},{"taxonomy":"post_tag","embeddable":true,"href":"https:\/\/arrabona.eu\/sk\/wp-json\/wp\/v2\/tags?post=5427"}],"curies":[{"name":"wp","href":"https:\/\/api.w.org\/{rel}","templated":true}]}}