{"id":5434,"date":"2019-07-18T11:55:17","date_gmt":"2019-07-18T10:55:17","guid":{"rendered":"https:\/\/www.arrabona.eu\/?p=5434"},"modified":"2019-07-18T11:55:17","modified_gmt":"2019-07-18T10:55:17","slug":"3rd-builcogreen-project-workshop-operating-public-cemeteries-and-military-cemeteries","status":"publish","type":"post","link":"https:\/\/arrabona.eu\/en\/3rd-builcogreen-project-workshop-operating-public-cemeteries-and-military-cemeteries\/","title":{"rendered":"3rd Builcogreen project workshop \u2013 Operating public cemeteries and military cemeteries"},"content":{"rendered":"<p class=\"s7\"><span class=\"s3\">As a leading partner, Arrabona EGTC invited its members and other interested parties to the workshop \u201cOperating public cemeteries and military cemeteries \u2013 Challenges and possible solutions\u201d. The event organized in Dunajsk\u00e1 Streda was opened by Mayor Zolt\u00e1n Haj\u00f3s, and Arrabona EGTC was represented by Zolt\u00e1n Herke as a speaker.<\/span><\/p>\n<p class=\"s7\"><span class=\"s3\">Gabriella Pomichal, head of the administrative department, Viktor Harmanovsky, head of the green zone maintenance and urban cleaning department, and Zolt\u00e1n Simon, referee for the management of cemeteries, presented the \u201cinstitution\u201d, the green areas and the cemeteries, as the representatives of Municipal Real Estate Dunajsk\u00e1 Streda, s.r.o<\/span><span class=\"s3\">.,<\/span><span class=\"s3\"> which is operated by the city of Dunajsk\u00e1 Streda. The matter of the virtual cemetery, where one can light virtual candles, was also addressed. The title of the presentation by Attila Nagy, local historian and chronicler of the city, was \u201cSome practical extra information for the history of the cemetery of Dunajsk\u00e1 Streda \u2013 focusing on the aspects of local (national) values\u201d. During the next day of the workshop, already existing examples were presented from Hungary, and Zsolt Rotter presented information on the management of the cemeteries of Gy\u0151r.<\/span><\/p>\n<p class=\"s8\"><span class=\"s3\">The programmes continued the next day (18 October) when the participants prepared specific project plans within the predefined matters. They also prepared cost\/benefit analyses and risk assessments with the involvement of experts during the planning.\u00a0 The opportunity for further mentoring and the related details were also addressed. <\/span><span class=\"s3\">The event was finalised by the arrangement of the 4<\/span><span class=\"s9\">th<\/span><span class=\"s3\">-quarter workshop, which will be organized in the city of \u0160amor\u00edn.<\/span><\/p>\n","protected":false},"excerpt":{"rendered":"<p>As a leading partner, Arrabona EGTC invited its members and other interested parties to the workshop \u201cOperating public cemeteries and military cemeteries \u2013 Challenges and possible solutions\u201d. The event organized in Dunajsk\u00e1 Streda was opened by Mayor Zolt\u00e1n Haj\u00f3s, and Arrabona EGTC was represented by Zolt\u00e1n Herke as a speaker. Gabriella Pomichal, head of the [&hellip;]<\/p>\n","protected":false},"author":6,"featured_media":4914,"comment_status":"open","ping_status":"open","sticky":false,"template":"","format":"standard","meta":{"_acf_changed":false,"footnotes":""},"categories":[37],"tags":[],"class_list":["post-5434","post","type-post","status-publish","format-standard","has-post-thumbnail","hentry","category-uncategorized"],"acf":[],"amp_enabled":true,"_links":{"self":[{"href":"https:\/\/arrabona.eu\/en\/wp-json\/wp\/v2\/posts\/5434","targetHints":{"allow":["GET"]}}],"collection":[{"href":"https:\/\/arrabona.eu\/en\/wp-json\/wp\/v2\/posts"}],"about":[{"href":"https:\/\/arrabona.eu\/en\/wp-json\/wp\/v2\/types\/post"}],"author":[{"embeddable":true,"href":"https:\/\/arrabona.eu\/en\/wp-json\/wp\/v2\/users\/6"}],"replies":[{"embeddable":true,"href":"https:\/\/arrabona.eu\/en\/wp-json\/wp\/v2\/comments?post=5434"}],"version-history":[{"count":0,"href":"https:\/\/arrabona.eu\/en\/wp-json\/wp\/v2\/posts\/5434\/revisions"}],"wp:featuredmedia":[{"embeddable":true,"href":"https:\/\/arrabona.eu\/en\/wp-json\/wp\/v2\/media\/4914"}],"wp:attachment":[{"href":"https:\/\/arrabona.eu\/en\/wp-json\/wp\/v2\/media?parent=5434"}],"wp:term":[{"taxonomy":"category","embeddable":true,"href":"https:\/\/arrabona.eu\/en\/wp-json\/wp\/v2\/categories?post=5434"},{"taxonomy":"post_tag","embeddable":true,"href":"https:\/\/arrabona.eu\/en\/wp-json\/wp\/v2\/tags?post=5434"}],"curies":[{"name":"wp","href":"https:\/\/api.w.org\/{rel}","templated":true}]}}